{"id":3083,"date":"2017-12-21T14:34:59","date_gmt":"2017-12-21T14:34:59","guid":{"rendered":"http:\/\/www.leceonline.org\/recepcion-navidad-del-comite-espanol-la-lece\/"},"modified":"2018-02-01T11:24:49","modified_gmt":"2018-02-01T11:24:49","slug":"recepcion-navidad-comite-espanol-lece","status":"publish","type":"post","link":"https:\/\/www.leceonline.org\/ca\/recepcion-navidad-comite-espanol-lece\/","title":{"rendered":"Recepci\u00f3n de Navidad del Comit\u00e9 Espa\u00f1ol de la LECE"},"content":{"rendered":"<p>El Comit\u00e9 Espa\u00f1ol de la LECE celebr\u00f3 su anual recepci\u00f3n de Navidad, junto con el Consell Catal\u00e0 del Moviment Europeu. En \u00e9l brindaron para estas fiestas el presidente del Comit\u00e9 Espa\u00f1ol, Francesc Homs i Ferret, y el presidente del Consell Catal\u00e0, Xavier Ferrer. Ambos reafirmaron el europeismo de las dos entidades, y la necesidad de seguir trabajando para una Europa fuerte en unos momentos de grandes cambios. Estuvieron en los parlamentos los presidentes de honor de ambas entidades, Carles A. Gas\u00f2liba para la LECE y Joan Colom para el Moviment Europeu.<\/p>\n","protected":false},"excerpt":{"rendered":"<p>El Comit\u00e9 Espa\u00f1ol de la LECE celebr\u00f3 su anual recepci\u00f3n de Navidad, junto con el Consell Catal\u00e0 del Moviment Europeu. En \u00e9l brindaron para estas fiestas el presidente del Comit\u00e9 Espa\u00f1ol, Francesc Homs i Ferret, y el presidente del Consell Catal\u00e0, Xavier Ferrer. Ambos reafirmaron el europeismo de las dos entidades, y la necesidad de [&hellip;]<\/p>\n","protected":false},"author":1,"featured_media":3125,"comment_status":"open","ping_status":"open","sticky":false,"template":"","format":"standard","meta":{"_acf_changed":false,"footnotes":""},"categories":[36],"tags":[],"class_list":["post-3083","post","type-post","status-publish","format-standard","has-post-thumbnail","hentry","category-altres-activitats-ca"],"acf":[],"yoast_head":"<!-- This site is optimized with the Yoast SEO plugin v25.9 - https:\/\/yoast.com\/wordpress\/plugins\/seo\/ -->\n<title>Recepci\u00f3n de Navidad del Comit\u00e9 Espa\u00f1ol de la LECE 2017<\/title>\n<meta name=\"description\" content=\"El Comit\u00e9 Espa\u00f1ol de la LECE celebr\u00f3 su anual recepci\u00f3n de Navidad, junto con el Consell Catal\u00e0 del Moviment Europeu.\" \/>\n<meta name=\"robots\" content=\"index, follow, max-snippet:-1, max-image-preview:large, max-video-preview:-1\" \/>\n<link rel=\"canonical\" href=\"https:\/\/www.leceonline.org\/ca\/recepcion-navidad-comite-espanol-lece\/\" \/>\n<meta property=\"og:locale\" content=\"ca_ES\" \/>\n<meta property=\"og:type\" content=\"article\" \/>\n<meta property=\"og:title\" content=\"Recepci\u00f3n de Navidad del Comit\u00e9 Espa\u00f1ol de la LECE 2017\" \/>\n<meta property=\"og:description\" content=\"El Comit\u00e9 Espa\u00f1ol de la LECE celebr\u00f3 su anual recepci\u00f3n de Navidad, junto con el Consell Catal\u00e0 del Moviment Europeu.\" \/>\n<meta property=\"og:url\" content=\"https:\/\/www.leceonline.org\/ca\/recepcion-navidad-comite-espanol-lece\/\" \/>\n<meta property=\"og:site_name\" content=\"Lece Online\" \/>\n<meta property=\"article:published_time\" content=\"2017-12-21T14:34:59+00:00\" \/>\n<meta property=\"article:modified_time\" content=\"2018-02-01T11:24:49+00:00\" \/>\n<meta property=\"og:image\" content=\"https:\/\/www.leceonline.org\/custom\/uploads\/2017\/12\/Diploma-LECE.jpg\" \/>\n\t<meta property=\"og:image:width\" content=\"4128\" \/>\n\t<meta property=\"og:image:height\" content=\"2322\" \/>\n\t<meta property=\"og:image:type\" content=\"image\/jpeg\" \/>\n<meta name=\"author\" content=\"leceonline\" \/>\n<meta name=\"twitter:card\" content=\"summary_large_image\" \/>\n<meta name=\"twitter:label1\" content=\"Escrit per\" \/>\n\t<meta name=\"twitter:data1\" content=\"leceonline\" \/>\n<script type=\"application\/ld+json\" class=\"yoast-schema-graph\">{\"@context\":\"https:\/\/schema.org\",\"@graph\":[{\"@type\":\"WebPage\",\"@id\":\"https:\/\/www.leceonline.org\/ca\/recepcion-navidad-comite-espanol-lece\/\",\"url\":\"https:\/\/www.leceonline.org\/ca\/recepcion-navidad-comite-espanol-lece\/\",\"name\":\"Recepci\u00f3n de Navidad del Comit\u00e9 Espa\u00f1ol de la LECE 2017\",\"isPartOf\":{\"@id\":\"https:\/\/www.leceonline.org\/#website\"},\"primaryImageOfPage\":{\"@id\":\"https:\/\/www.leceonline.org\/ca\/recepcion-navidad-comite-espanol-lece\/#primaryimage\"},\"image\":{\"@id\":\"https:\/\/www.leceonline.org\/ca\/recepcion-navidad-comite-espanol-lece\/#primaryimage\"},\"thumbnailUrl\":\"https:\/\/www.leceonline.org\/custom\/uploads\/2017\/12\/Diploma-LECE.jpg\",\"datePublished\":\"2017-12-21T14:34:59+00:00\",\"dateModified\":\"2018-02-01T11:24:49+00:00\",\"author\":{\"@id\":\"https:\/\/www.leceonline.org\/#\/schema\/person\/97715c9d9f0168f7d8a020b912b04e9b\"},\"description\":\"El Comit\u00e9 Espa\u00f1ol de la LECE celebr\u00f3 su anual recepci\u00f3n de Navidad, junto con el Consell Catal\u00e0 del Moviment Europeu.\",\"breadcrumb\":{\"@id\":\"https:\/\/www.leceonline.org\/ca\/recepcion-navidad-comite-espanol-lece\/#breadcrumb\"},\"inLanguage\":\"ca\",\"potentialAction\":[{\"@type\":\"ReadAction\",\"target\":[\"https:\/\/www.leceonline.org\/ca\/recepcion-navidad-comite-espanol-lece\/\"]}]},{\"@type\":\"ImageObject\",\"inLanguage\":\"ca\",\"@id\":\"https:\/\/www.leceonline.org\/ca\/recepcion-navidad-comite-espanol-lece\/#primaryimage\",\"url\":\"https:\/\/www.leceonline.org\/custom\/uploads\/2017\/12\/Diploma-LECE.jpg\",\"contentUrl\":\"https:\/\/www.leceonline.org\/custom\/uploads\/2017\/12\/Diploma-LECE.jpg\",\"width\":4128,\"height\":2322},{\"@type\":\"BreadcrumbList\",\"@id\":\"https:\/\/www.leceonline.org\/ca\/recepcion-navidad-comite-espanol-lece\/#breadcrumb\",\"itemListElement\":[{\"@type\":\"ListItem\",\"position\":1,\"name\":\"Portada\",\"item\":\"https:\/\/www.leceonline.org\/ca\/\"},{\"@type\":\"ListItem\",\"position\":2,\"name\":\"Recepci\u00f3n de Navidad del Comit\u00e9 Espa\u00f1ol de la LECE\"}]},{\"@type\":\"WebSite\",\"@id\":\"https:\/\/www.leceonline.org\/#website\",\"url\":\"https:\/\/www.leceonline.org\/\",\"name\":\"Lece Online\",\"description\":\"Comit\u00e9 Espa\u00f1ol de la Liga Europea de Cooperaci\u00f3n Econ\u00f3mica (LECE)\",\"potentialAction\":[{\"@type\":\"SearchAction\",\"target\":{\"@type\":\"EntryPoint\",\"urlTemplate\":\"https:\/\/www.leceonline.org\/?s={search_term_string}\"},\"query-input\":{\"@type\":\"PropertyValueSpecification\",\"valueRequired\":true,\"valueName\":\"search_term_string\"}}],\"inLanguage\":\"ca\"},{\"@type\":\"Person\",\"@id\":\"https:\/\/www.leceonline.org\/#\/schema\/person\/97715c9d9f0168f7d8a020b912b04e9b\",\"name\":\"leceonline\",\"image\":{\"@type\":\"ImageObject\",\"inLanguage\":\"ca\",\"@id\":\"https:\/\/www.leceonline.org\/#\/schema\/person\/image\/\",\"url\":\"https:\/\/secure.gravatar.com\/avatar\/af029eeaee171717243ada7857dec35925251d9d883cadc1e4fb3c8d1283bd19?s=96&d=mm&r=g\",\"contentUrl\":\"https:\/\/secure.gravatar.com\/avatar\/af029eeaee171717243ada7857dec35925251d9d883cadc1e4fb3c8d1283bd19?s=96&d=mm&r=g\",\"caption\":\"leceonline\"}}]}<\/script>\n<!-- \/ Yoast SEO plugin. -->","yoast_head_json":{"title":"Recepci\u00f3n de Navidad del Comit\u00e9 Espa\u00f1ol de la LECE 2017","description":"El Comit\u00e9 Espa\u00f1ol de la LECE celebr\u00f3 su anual recepci\u00f3n de Navidad, junto con el Consell Catal\u00e0 del Moviment Europeu.","robots":{"index":"index","follow":"follow","max-snippet":"max-snippet:-1","max-image-preview":"max-image-preview:large","max-video-preview":"max-video-preview:-1"},"canonical":"https:\/\/www.leceonline.org\/ca\/recepcion-navidad-comite-espanol-lece\/","og_locale":"ca_ES","og_type":"article","og_title":"Recepci\u00f3n de Navidad del Comit\u00e9 Espa\u00f1ol de la LECE 2017","og_description":"El Comit\u00e9 Espa\u00f1ol de la LECE celebr\u00f3 su anual recepci\u00f3n de Navidad, junto con el Consell Catal\u00e0 del Moviment Europeu.","og_url":"https:\/\/www.leceonline.org\/ca\/recepcion-navidad-comite-espanol-lece\/","og_site_name":"Lece Online","article_published_time":"2017-12-21T14:34:59+00:00","article_modified_time":"2018-02-01T11:24:49+00:00","og_image":[{"width":4128,"height":2322,"url":"https:\/\/www.leceonline.org\/custom\/uploads\/2017\/12\/Diploma-LECE.jpg","type":"image\/jpeg"}],"author":"leceonline","twitter_card":"summary_large_image","twitter_misc":{"Escrit per":"leceonline"},"schema":{"@context":"https:\/\/schema.org","@graph":[{"@type":"WebPage","@id":"https:\/\/www.leceonline.org\/ca\/recepcion-navidad-comite-espanol-lece\/","url":"https:\/\/www.leceonline.org\/ca\/recepcion-navidad-comite-espanol-lece\/","name":"Recepci\u00f3n de Navidad del Comit\u00e9 Espa\u00f1ol de la LECE 2017","isPartOf":{"@id":"https:\/\/www.leceonline.org\/#website"},"primaryImageOfPage":{"@id":"https:\/\/www.leceonline.org\/ca\/recepcion-navidad-comite-espanol-lece\/#primaryimage"},"image":{"@id":"https:\/\/www.leceonline.org\/ca\/recepcion-navidad-comite-espanol-lece\/#primaryimage"},"thumbnailUrl":"https:\/\/www.leceonline.org\/custom\/uploads\/2017\/12\/Diploma-LECE.jpg","datePublished":"2017-12-21T14:34:59+00:00","dateModified":"2018-02-01T11:24:49+00:00","author":{"@id":"https:\/\/www.leceonline.org\/#\/schema\/person\/97715c9d9f0168f7d8a020b912b04e9b"},"description":"El Comit\u00e9 Espa\u00f1ol de la LECE celebr\u00f3 su anual recepci\u00f3n de Navidad, junto con el Consell Catal\u00e0 del Moviment Europeu.","breadcrumb":{"@id":"https:\/\/www.leceonline.org\/ca\/recepcion-navidad-comite-espanol-lece\/#breadcrumb"},"inLanguage":"ca","potentialAction":[{"@type":"ReadAction","target":["https:\/\/www.leceonline.org\/ca\/recepcion-navidad-comite-espanol-lece\/"]}]},{"@type":"ImageObject","inLanguage":"ca","@id":"https:\/\/www.leceonline.org\/ca\/recepcion-navidad-comite-espanol-lece\/#primaryimage","url":"https:\/\/www.leceonline.org\/custom\/uploads\/2017\/12\/Diploma-LECE.jpg","contentUrl":"https:\/\/www.leceonline.org\/custom\/uploads\/2017\/12\/Diploma-LECE.jpg","width":4128,"height":2322},{"@type":"BreadcrumbList","@id":"https:\/\/www.leceonline.org\/ca\/recepcion-navidad-comite-espanol-lece\/#breadcrumb","itemListElement":[{"@type":"ListItem","position":1,"name":"Portada","item":"https:\/\/www.leceonline.org\/ca\/"},{"@type":"ListItem","position":2,"name":"Recepci\u00f3n de Navidad del Comit\u00e9 Espa\u00f1ol de la LECE"}]},{"@type":"WebSite","@id":"https:\/\/www.leceonline.org\/#website","url":"https:\/\/www.leceonline.org\/","name":"Lece Online","description":"Comit\u00e9 Espa\u00f1ol de la Liga Europea de Cooperaci\u00f3n Econ\u00f3mica (LECE)","potentialAction":[{"@type":"SearchAction","target":{"@type":"EntryPoint","urlTemplate":"https:\/\/www.leceonline.org\/?s={search_term_string}"},"query-input":{"@type":"PropertyValueSpecification","valueRequired":true,"valueName":"search_term_string"}}],"inLanguage":"ca"},{"@type":"Person","@id":"https:\/\/www.leceonline.org\/#\/schema\/person\/97715c9d9f0168f7d8a020b912b04e9b","name":"leceonline","image":{"@type":"ImageObject","inLanguage":"ca","@id":"https:\/\/www.leceonline.org\/#\/schema\/person\/image\/","url":"https:\/\/secure.gravatar.com\/avatar\/af029eeaee171717243ada7857dec35925251d9d883cadc1e4fb3c8d1283bd19?s=96&d=mm&r=g","contentUrl":"https:\/\/secure.gravatar.com\/avatar\/af029eeaee171717243ada7857dec35925251d9d883cadc1e4fb3c8d1283bd19?s=96&d=mm&r=g","caption":"leceonline"}}]}},"_links":{"self":[{"href":"https:\/\/www.leceonline.org\/ca\/wp-json\/wp\/v2\/posts\/3083","targetHints":{"allow":["GET"]}}],"collection":[{"href":"https:\/\/www.leceonline.org\/ca\/wp-json\/wp\/v2\/posts"}],"about":[{"href":"https:\/\/www.leceonline.org\/ca\/wp-json\/wp\/v2\/types\/post"}],"author":[{"embeddable":true,"href":"https:\/\/www.leceonline.org\/ca\/wp-json\/wp\/v2\/users\/1"}],"replies":[{"embeddable":true,"href":"https:\/\/www.leceonline.org\/ca\/wp-json\/wp\/v2\/comments?post=3083"}],"version-history":[{"count":0,"href":"https:\/\/www.leceonline.org\/ca\/wp-json\/wp\/v2\/posts\/3083\/revisions"}],"wp:featuredmedia":[{"embeddable":true,"href":"https:\/\/www.leceonline.org\/ca\/wp-json\/wp\/v2\/media\/3125"}],"wp:attachment":[{"href":"https:\/\/www.leceonline.org\/ca\/wp-json\/wp\/v2\/media?parent=3083"}],"wp:term":[{"taxonomy":"category","embeddable":true,"href":"https:\/\/www.leceonline.org\/ca\/wp-json\/wp\/v2\/categories?post=3083"},{"taxonomy":"post_tag","embeddable":true,"href":"https:\/\/www.leceonline.org\/ca\/wp-json\/wp\/v2\/tags?post=3083"}],"curies":[{"name":"wp","href":"https:\/\/api.w.org\/{rel}","templated":true}]}}