{"id":3758,"date":"2019-09-24T10:55:44","date_gmt":"2019-09-24T10:55:44","guid":{"rendered":"https:\/\/www.leceonline.org\/27-candidatos-propuestos-comision-europea\/"},"modified":"2019-09-24T10:55:44","modified_gmt":"2019-09-24T10:55:44","slug":"27-candidatos-propuestos-comision-europea","status":"publish","type":"post","link":"https:\/\/www.leceonline.org\/ca\/27-candidatos-propuestos-comision-europea\/","title":{"rendered":"Los 27 candidatos propuestos para la nueva Comisi\u00f3n Europea"},"content":{"rendered":"<p>La presidenta de la Comisi\u00f3n Europea, <a href=\"https:\/\/www.leceonline.org\/ca\/ursula-von-der-leyen-nueva-presidenta-comision-europea\/\">Ursula von der Leyen<\/a>, ya ha presentado a su equipo de comisarios. El proceso se ha iniciado con las consultas con cada estado miembro sobre la candidatura que les represente en cada cartera. El \u00fanico pa\u00eds no consultado es el pa\u00eds de origen de la presidenta, Alemania en este caso.<\/p>\n<p>En este <a href=\"https:\/\/ec.europa.eu\/commission\/interim\/commissioners-designate_es\">enlace<\/a> se puede consultar el listado de candidaturas propuestas para la Comisi\u00f3n.<\/p>\n<p>Despu\u00e9s de las propuestas realizadas por cada pa\u00eds, y de la aprobaci\u00f3n final por parte de von der Leyden, ahora es el turno del Parlamento Europeo. La comisi\u00f3n de Asuntos Jur\u00eddicos examinar\u00e1 la declaraci\u00f3n de intereses econ\u00f3micos enviados por cada candidato. Comprobadas dichas declaraciones, los candidatos se someter\u00e1n a una audiencia p\u00fablica en cada comisi\u00f3n de la Euroc\u00e1mara relacionada con la cartera que se ocupar\u00e1. Las calificaciones se env\u00edan al Presidente del Parlamento. Por \u00faltimo, el equipo de candidatos se someter\u00e1n a la votaci\u00f3n en el Pleno de la Euroc\u00e1mara por mayor\u00eda simple, el pr\u00f3ximo mes de octubre.<\/p>\n<p>Si se aprueba, el Consejo Europeo debe aprobar por mayor\u00eda cualificada de al menos 15 consejeros, y que representen a Estados miembros que re\u00fanan como m\u00ednimo el 65% de la poblaci\u00f3n de toda la Uni\u00f3n Europea.<\/p>\n<p>Si todo sigue los plazos, el 1 de noviembre se formar\u00e1 la nueva Comisi\u00f3n.<\/p>\n","protected":false},"excerpt":{"rendered":"<p>La presidenta de la Comisi\u00f3n Europea, Ursula von der Leyen, ya ha presentado a su equipo de comisarios. El proceso se ha iniciado con las consultas con cada estado miembro sobre la candidatura que les represente en cada cartera. El \u00fanico pa\u00eds no consultado es el pa\u00eds de origen de la presidenta, Alemania en este [&hellip;]<\/p>\n","protected":false},"author":1,"featured_media":3755,"comment_status":"open","ping_status":"open","sticky":false,"template":"","format":"standard","meta":{"_acf_changed":false,"footnotes":""},"categories":[2],"tags":[],"class_list":["post-3758","post","type-post","status-publish","format-standard","has-post-thumbnail","hentry","category-noticies-ca"],"acf":[],"yoast_head":"<!-- This site is optimized with the Yoast SEO plugin v25.9 - https:\/\/yoast.com\/wordpress\/plugins\/seo\/ -->\n<title>Propuestas las candidaturas para la nueva Comisi\u00f3n Europea<\/title>\n<meta name=\"description\" content=\"La presidenta de la Comisi\u00f3n Europea, Ursula von der Leyen, ya ha presentado a su equipo de comisarios. Deben ser aprobados por la Euroc\u00e1mara y el Consejo Europeo. El 1 de noviembre de 2019 se dispondr\u00e1 de la nueva comisi\u00f3n si se cumplen los plazos.\" \/>\n<meta name=\"robots\" content=\"index, follow, max-snippet:-1, max-image-preview:large, max-video-preview:-1\" \/>\n<link rel=\"canonical\" href=\"https:\/\/www.leceonline.org\/ca\/27-candidatos-propuestos-comision-europea\/\" \/>\n<meta property=\"og:locale\" content=\"ca_ES\" \/>\n<meta property=\"og:type\" content=\"article\" \/>\n<meta property=\"og:title\" content=\"Propuestas las candidaturas para la nueva Comisi\u00f3n Europea\" \/>\n<meta property=\"og:description\" content=\"La presidenta de la Comisi\u00f3n Europea, Ursula von der Leyen, ya ha presentado a su equipo de comisarios. Deben ser aprobados por la Euroc\u00e1mara y el Consejo Europeo. El 1 de noviembre de 2019 se dispondr\u00e1 de la nueva comisi\u00f3n si se cumplen los plazos.\" \/>\n<meta property=\"og:url\" content=\"https:\/\/www.leceonline.org\/ca\/27-candidatos-propuestos-comision-europea\/\" \/>\n<meta property=\"og:site_name\" content=\"Lece Online\" \/>\n<meta property=\"article:published_time\" content=\"2019-09-24T10:55:44+00:00\" \/>\n<meta property=\"og:image\" content=\"https:\/\/www.leceonline.org\/custom\/uploads\/2019\/09\/comissioeuropea.jpg\" \/>\n\t<meta property=\"og:image:width\" content=\"1280\" \/>\n\t<meta property=\"og:image:height\" content=\"853\" \/>\n\t<meta property=\"og:image:type\" content=\"image\/jpeg\" \/>\n<meta name=\"author\" content=\"leceonline\" \/>\n<meta name=\"twitter:card\" content=\"summary_large_image\" \/>\n<meta name=\"twitter:label1\" content=\"Escrit per\" \/>\n\t<meta name=\"twitter:data1\" content=\"leceonline\" \/>\n\t<meta name=\"twitter:label2\" content=\"Temps estimat de lectura\" \/>\n\t<meta name=\"twitter:data2\" content=\"1 minut\" \/>\n<script type=\"application\/ld+json\" class=\"yoast-schema-graph\">{\"@context\":\"https:\/\/schema.org\",\"@graph\":[{\"@type\":\"WebPage\",\"@id\":\"https:\/\/www.leceonline.org\/ca\/27-candidatos-propuestos-comision-europea\/\",\"url\":\"https:\/\/www.leceonline.org\/ca\/27-candidatos-propuestos-comision-europea\/\",\"name\":\"Propuestas las candidaturas para la nueva Comisi\u00f3n Europea\",\"isPartOf\":{\"@id\":\"https:\/\/www.leceonline.org\/#website\"},\"primaryImageOfPage\":{\"@id\":\"https:\/\/www.leceonline.org\/ca\/27-candidatos-propuestos-comision-europea\/#primaryimage\"},\"image\":{\"@id\":\"https:\/\/www.leceonline.org\/ca\/27-candidatos-propuestos-comision-europea\/#primaryimage\"},\"thumbnailUrl\":\"https:\/\/www.leceonline.org\/custom\/uploads\/2019\/09\/comissioeuropea.jpg\",\"datePublished\":\"2019-09-24T10:55:44+00:00\",\"author\":{\"@id\":\"https:\/\/www.leceonline.org\/#\/schema\/person\/97715c9d9f0168f7d8a020b912b04e9b\"},\"description\":\"La presidenta de la Comisi\u00f3n Europea, Ursula von der Leyen, ya ha presentado a su equipo de comisarios. Deben ser aprobados por la Euroc\u00e1mara y el Consejo Europeo. El 1 de noviembre de 2019 se dispondr\u00e1 de la nueva comisi\u00f3n si se cumplen los plazos.\",\"breadcrumb\":{\"@id\":\"https:\/\/www.leceonline.org\/ca\/27-candidatos-propuestos-comision-europea\/#breadcrumb\"},\"inLanguage\":\"ca\",\"potentialAction\":[{\"@type\":\"ReadAction\",\"target\":[\"https:\/\/www.leceonline.org\/ca\/27-candidatos-propuestos-comision-europea\/\"]}]},{\"@type\":\"ImageObject\",\"inLanguage\":\"ca\",\"@id\":\"https:\/\/www.leceonline.org\/ca\/27-candidatos-propuestos-comision-europea\/#primaryimage\",\"url\":\"https:\/\/www.leceonline.org\/custom\/uploads\/2019\/09\/comissioeuropea.jpg\",\"contentUrl\":\"https:\/\/www.leceonline.org\/custom\/uploads\/2019\/09\/comissioeuropea.jpg\",\"width\":1280,\"height\":853},{\"@type\":\"BreadcrumbList\",\"@id\":\"https:\/\/www.leceonline.org\/ca\/27-candidatos-propuestos-comision-europea\/#breadcrumb\",\"itemListElement\":[{\"@type\":\"ListItem\",\"position\":1,\"name\":\"Portada\",\"item\":\"https:\/\/www.leceonline.org\/ca\/\"},{\"@type\":\"ListItem\",\"position\":2,\"name\":\"Los 27 candidatos propuestos para la nueva Comisi\u00f3n Europea\"}]},{\"@type\":\"WebSite\",\"@id\":\"https:\/\/www.leceonline.org\/#website\",\"url\":\"https:\/\/www.leceonline.org\/\",\"name\":\"Lece Online\",\"description\":\"Comit\u00e9 Espa\u00f1ol de la Liga Europea de Cooperaci\u00f3n Econ\u00f3mica (LECE)\",\"potentialAction\":[{\"@type\":\"SearchAction\",\"target\":{\"@type\":\"EntryPoint\",\"urlTemplate\":\"https:\/\/www.leceonline.org\/?s={search_term_string}\"},\"query-input\":{\"@type\":\"PropertyValueSpecification\",\"valueRequired\":true,\"valueName\":\"search_term_string\"}}],\"inLanguage\":\"ca\"},{\"@type\":\"Person\",\"@id\":\"https:\/\/www.leceonline.org\/#\/schema\/person\/97715c9d9f0168f7d8a020b912b04e9b\",\"name\":\"leceonline\",\"image\":{\"@type\":\"ImageObject\",\"inLanguage\":\"ca\",\"@id\":\"https:\/\/www.leceonline.org\/#\/schema\/person\/image\/\",\"url\":\"https:\/\/secure.gravatar.com\/avatar\/af029eeaee171717243ada7857dec35925251d9d883cadc1e4fb3c8d1283bd19?s=96&d=mm&r=g\",\"contentUrl\":\"https:\/\/secure.gravatar.com\/avatar\/af029eeaee171717243ada7857dec35925251d9d883cadc1e4fb3c8d1283bd19?s=96&d=mm&r=g\",\"caption\":\"leceonline\"}}]}<\/script>\n<!-- \/ Yoast SEO plugin. -->","yoast_head_json":{"title":"Propuestas las candidaturas para la nueva Comisi\u00f3n Europea","description":"La presidenta de la Comisi\u00f3n Europea, Ursula von der Leyen, ya ha presentado a su equipo de comisarios. Deben ser aprobados por la Euroc\u00e1mara y el Consejo Europeo. El 1 de noviembre de 2019 se dispondr\u00e1 de la nueva comisi\u00f3n si se cumplen los plazos.","robots":{"index":"index","follow":"follow","max-snippet":"max-snippet:-1","max-image-preview":"max-image-preview:large","max-video-preview":"max-video-preview:-1"},"canonical":"https:\/\/www.leceonline.org\/ca\/27-candidatos-propuestos-comision-europea\/","og_locale":"ca_ES","og_type":"article","og_title":"Propuestas las candidaturas para la nueva Comisi\u00f3n Europea","og_description":"La presidenta de la Comisi\u00f3n Europea, Ursula von der Leyen, ya ha presentado a su equipo de comisarios. Deben ser aprobados por la Euroc\u00e1mara y el Consejo Europeo. El 1 de noviembre de 2019 se dispondr\u00e1 de la nueva comisi\u00f3n si se cumplen los plazos.","og_url":"https:\/\/www.leceonline.org\/ca\/27-candidatos-propuestos-comision-europea\/","og_site_name":"Lece Online","article_published_time":"2019-09-24T10:55:44+00:00","og_image":[{"width":1280,"height":853,"url":"https:\/\/www.leceonline.org\/custom\/uploads\/2019\/09\/comissioeuropea.jpg","type":"image\/jpeg"}],"author":"leceonline","twitter_card":"summary_large_image","twitter_misc":{"Escrit per":"leceonline","Temps estimat de lectura":"1 minut"},"schema":{"@context":"https:\/\/schema.org","@graph":[{"@type":"WebPage","@id":"https:\/\/www.leceonline.org\/ca\/27-candidatos-propuestos-comision-europea\/","url":"https:\/\/www.leceonline.org\/ca\/27-candidatos-propuestos-comision-europea\/","name":"Propuestas las candidaturas para la nueva Comisi\u00f3n Europea","isPartOf":{"@id":"https:\/\/www.leceonline.org\/#website"},"primaryImageOfPage":{"@id":"https:\/\/www.leceonline.org\/ca\/27-candidatos-propuestos-comision-europea\/#primaryimage"},"image":{"@id":"https:\/\/www.leceonline.org\/ca\/27-candidatos-propuestos-comision-europea\/#primaryimage"},"thumbnailUrl":"https:\/\/www.leceonline.org\/custom\/uploads\/2019\/09\/comissioeuropea.jpg","datePublished":"2019-09-24T10:55:44+00:00","author":{"@id":"https:\/\/www.leceonline.org\/#\/schema\/person\/97715c9d9f0168f7d8a020b912b04e9b"},"description":"La presidenta de la Comisi\u00f3n Europea, Ursula von der Leyen, ya ha presentado a su equipo de comisarios. Deben ser aprobados por la Euroc\u00e1mara y el Consejo Europeo. El 1 de noviembre de 2019 se dispondr\u00e1 de la nueva comisi\u00f3n si se cumplen los plazos.","breadcrumb":{"@id":"https:\/\/www.leceonline.org\/ca\/27-candidatos-propuestos-comision-europea\/#breadcrumb"},"inLanguage":"ca","potentialAction":[{"@type":"ReadAction","target":["https:\/\/www.leceonline.org\/ca\/27-candidatos-propuestos-comision-europea\/"]}]},{"@type":"ImageObject","inLanguage":"ca","@id":"https:\/\/www.leceonline.org\/ca\/27-candidatos-propuestos-comision-europea\/#primaryimage","url":"https:\/\/www.leceonline.org\/custom\/uploads\/2019\/09\/comissioeuropea.jpg","contentUrl":"https:\/\/www.leceonline.org\/custom\/uploads\/2019\/09\/comissioeuropea.jpg","width":1280,"height":853},{"@type":"BreadcrumbList","@id":"https:\/\/www.leceonline.org\/ca\/27-candidatos-propuestos-comision-europea\/#breadcrumb","itemListElement":[{"@type":"ListItem","position":1,"name":"Portada","item":"https:\/\/www.leceonline.org\/ca\/"},{"@type":"ListItem","position":2,"name":"Los 27 candidatos propuestos para la nueva Comisi\u00f3n Europea"}]},{"@type":"WebSite","@id":"https:\/\/www.leceonline.org\/#website","url":"https:\/\/www.leceonline.org\/","name":"Lece Online","description":"Comit\u00e9 Espa\u00f1ol de la Liga Europea de Cooperaci\u00f3n Econ\u00f3mica (LECE)","potentialAction":[{"@type":"SearchAction","target":{"@type":"EntryPoint","urlTemplate":"https:\/\/www.leceonline.org\/?s={search_term_string}"},"query-input":{"@type":"PropertyValueSpecification","valueRequired":true,"valueName":"search_term_string"}}],"inLanguage":"ca"},{"@type":"Person","@id":"https:\/\/www.leceonline.org\/#\/schema\/person\/97715c9d9f0168f7d8a020b912b04e9b","name":"leceonline","image":{"@type":"ImageObject","inLanguage":"ca","@id":"https:\/\/www.leceonline.org\/#\/schema\/person\/image\/","url":"https:\/\/secure.gravatar.com\/avatar\/af029eeaee171717243ada7857dec35925251d9d883cadc1e4fb3c8d1283bd19?s=96&d=mm&r=g","contentUrl":"https:\/\/secure.gravatar.com\/avatar\/af029eeaee171717243ada7857dec35925251d9d883cadc1e4fb3c8d1283bd19?s=96&d=mm&r=g","caption":"leceonline"}}]}},"_links":{"self":[{"href":"https:\/\/www.leceonline.org\/ca\/wp-json\/wp\/v2\/posts\/3758","targetHints":{"allow":["GET"]}}],"collection":[{"href":"https:\/\/www.leceonline.org\/ca\/wp-json\/wp\/v2\/posts"}],"about":[{"href":"https:\/\/www.leceonline.org\/ca\/wp-json\/wp\/v2\/types\/post"}],"author":[{"embeddable":true,"href":"https:\/\/www.leceonline.org\/ca\/wp-json\/wp\/v2\/users\/1"}],"replies":[{"embeddable":true,"href":"https:\/\/www.leceonline.org\/ca\/wp-json\/wp\/v2\/comments?post=3758"}],"version-history":[{"count":0,"href":"https:\/\/www.leceonline.org\/ca\/wp-json\/wp\/v2\/posts\/3758\/revisions"}],"wp:featuredmedia":[{"embeddable":true,"href":"https:\/\/www.leceonline.org\/ca\/wp-json\/wp\/v2\/media\/3755"}],"wp:attachment":[{"href":"https:\/\/www.leceonline.org\/ca\/wp-json\/wp\/v2\/media?parent=3758"}],"wp:term":[{"taxonomy":"category","embeddable":true,"href":"https:\/\/www.leceonline.org\/ca\/wp-json\/wp\/v2\/categories?post=3758"},{"taxonomy":"post_tag","embeddable":true,"href":"https:\/\/www.leceonline.org\/ca\/wp-json\/wp\/v2\/tags?post=3758"}],"curies":[{"name":"wp","href":"https:\/\/api.w.org\/{rel}","templated":true}]}}