{"id":4111,"date":"2020-07-17T07:39:17","date_gmt":"2020-07-17T07:39:17","guid":{"rendered":"https:\/\/www.leceonline.org\/embajador-alemania-solidaridad-proyecto-europeo-comun\/"},"modified":"2020-07-21T09:00:43","modified_gmt":"2020-07-21T09:00:43","slug":"embajador-alemania-solidaridad-proyecto-europeo-comun","status":"publish","type":"post","link":"https:\/\/www.leceonline.org\/ca\/embajador-alemania-solidaridad-proyecto-europeo-comun\/","title":{"rendered":"El Embajador de Alemania en Espa\u00f1a destaca la solidaridad, pragmatismo y compromiso para superar la crisis y dar fuerza al proyecto europeo com\u00fan"},"content":{"rendered":"<p>Todos los estados miembros y la ciudadan\u00eda de la Uni\u00f3n Europea (UE) debemos salir juntos de la crisis del Covid con un extraordinario acto de solidaridad. El marco europeo es el marco inamovible para tratar los grandes temas del futuro. A ello se le debe a\u00f1adir un gran pragmatismo y un compromiso de todos para afianzar las medidas y acuerdos necesarios. A su vez, el proyecto europeo va mas all\u00e1 del Covid con la nueva agenda pol\u00edtica de la Comisi\u00f3n Europea basada en el Pacto Verde europeo, la transformaci\u00f3n digital y el posicionamiento geoestrat\u00e9gico de la UE.<\/p>\n<p>El embajador de Alemania en Espa\u00f1a, Wolfgang Dold, expuso las prioridades de su pa\u00eds en la presidencia alemana del Consejo de la Uni\u00f3n Europea durante el presente semestre durante el Webinar &#8216;online&#8217; organizado por el Comit\u00e9 Espa\u00f1ol de la LECE el pasado 15 de julio.<\/p>\n<p>Interesante considerar que esta intervenci\u00f3n ha sido justo antes de la reuni\u00f3n extraordinaria del Consejo Europeo de los d\u00edas 17 y 18 de julio. En \u00e9l se ha abordado el debate sobre el Plan de Recuperaci\u00f3n ante el Covid-19 y el nuevo presupuesto de la UE, con los eurobonos en el fondo, con un marco presupuestario reforzado con cargo a recursos tradicionales y un impulso temporal extraordinario financiado con deuda a largo plazo. Finalmente, se ha llegado a un acuerdo: 750.000 millones de euros en para el Plan de Recuperaci\u00f3n y 1.074 billones de euros para los presupuestos de los pr\u00f3ximos 7 a\u00f1os. La novedad del Plan de Recuperaci\u00f3n es que 390.000 millones ser\u00e1n en ayudas directas -con condiciones para que se apliquen a la transformaci\u00f3n de la econom\u00eda-, y 360.000 en forma de cr\u00e9ditos.<\/p>\n<p>En este contexto, el lema de la presidencia alemana del Consejo Europeo, &#8216;Juntos Relanzamos Europa&#8217;, indica claramente la linea que quiere seguir. Todas las medidas deben servir para salir de la crisis actual con una Europa m\u00e1s fuerte, soberana y solidaria. As\u00ed lo indic\u00f3 en su intervenci\u00f3n ante los miembros de la LECE en el Webinar &#8216;online&#8217; el embajador alem\u00e1n Wolfgang Dold. Las prioridades de la presidencia son coordinar medidas de salida de la crisis, impulsar con empe\u00f1o la recuperaci\u00f3n econ\u00f3mica y favorecer la cohesi\u00f3n social, dentro del entorno Covid-19 y tambi\u00e9n para el propio futuro inmediato de la UE.<\/p>\n<p>Alemania es optimista aunque haya posiciones alejadas entre los estados miembro sobre el endeudamiento de la UE. El esp\u00edritu de solidaridad de la propuesta franco-alemana del fondo europeo de recuperaci\u00f3n es el marco de avance. De hecho, Dold aprovecho para citar a la propia canciller alemana, Angela Merkel, quien ha remarcado que &#8220;no debemos permitir que la pandemia lleve a la divergencia creciente en las perspectivas econ\u00f3micas de los estados miembro de la Uni\u00f3n Europea, debilitando el mercado interior com\u00fan, que es el n\u00facleo de Europa. Contrarrestaremos el peligro que una grieta profunda pueda dividir a Europa&#8221;.<\/p>\n<h2>M\u00e1s all\u00e1 del Covid-19<\/h2>\n<p>El Embajador de Alemania en Espa\u00f1a record\u00f3 que la crisis del Covid-19 ha llegado en un momento de cambios importantes en todo el mundo. Antes de ella la UE ya se estaba posicionando. Ahora, afirm\u00f3 Dold, no podemos parar lo que se hab\u00eda empezado. Por ello la presidencia alemana seguir\u00e1 con el refuerzo de las tres grandes areas de la nueva Comisi\u00f3n Europea: el Pacto Verde Europeo &#8211;<a href=\"https:\/\/www.leceonline.org\/ca\/desarrollo-sostenible-prioritario-la-ue-ahora-mas-motor-impulso-tras-la-crisis-del-covid-19\/\">del que nos ilustr\u00f3 recientemente el DG de Medioambiente de la Comisi\u00f3n Daniel Calleja<\/a> -, la transformaci\u00f3n digital y el desarrollo geoestrat\u00e9gico de la UE.<\/p>\n<p>En cuanto al Pacto Verde Europeo, Alemania quiere dar forma legal a los objetivos clim\u00e1ticos del proyecto, con una Ley Europea de Protecci\u00f3n clim\u00e1tica. Sobre la transformaci\u00f3n digital, se quiere trabajar para desarrollar una fuerte innovaci\u00f3n apoyada en una industria potente. El objetivo es conseguir la soberan\u00eda digital europea para poder decidir en qu\u00e9 tecnolog\u00edas Europa quiere ser independiente de otros actores en el marco mundial. Algunos ejemplos ser\u00edan una infraestructura de datos europeos segura y fiable, tecnolog\u00edas como la Inteligencia Artificial o los ordenadores cu\u00e1nticos.<\/p>\n<p>A nivel geoestrat\u00e9gico, a corto plazo se quiere posicionar a la UE como un socio fuerte y solidario para coordinar conjuntamente la cooperaci\u00f3n entre actores clave a nivel internacional ante el Covid-19. En paralelo, se quiere hacer valer los valores europeos en el entorno global. Tambi\u00e9n se busca reforzar las relaciones con China con m\u00e1s intensidad y en base al principio de reciprocidad.<\/p>\n<p>Wolfgang Dold tambi\u00e9n indic\u00f3 que las negociaciones con el Reino Unido siguen siendo un tema en la agenda de la presidencia alemana. El objetivo es llegar a un acuerdo pol\u00edtico y econ\u00f3mico estrecho sin comprometer el marco jur\u00eddico de la UE y, en especial, el mercado interior. A su vez, tambi\u00e9n cabr\u00e1 prepararse para una posible salida del Reino Unido sin acuerdo, algo poco deseado pero posible.<\/p>\n<p>En todo este marco expuesto, otra labor que cerrar\u00eda el c\u00edrculo de la presidencia alemana del Consejo de la UE es poner las bases para el inicio de la Conferencia sobre el Futuro de la UE, ya trabajado por la presidencia de Croacia en el primer semestre del 2020. En oto\u00f1o empezar\u00e1, y se quiere que sea con la participaci\u00f3n de la ciudadan\u00eda. El Embajador de Alemania en Espa\u00f1a ha agradecido el compromiso con esta Conferencia del Comit\u00e9 Espa\u00f1ol de la LECE.<\/p>\n<p>El evento, y la posterior moderaci\u00f3n de las preguntas virtuales de los asistentes, fue conducido por el presidente del Comit\u00e9 Espa\u00f1ol de la LECE, Francesc Homs i Ferret.<\/p>\n","protected":false},"excerpt":{"rendered":"<p>Estados miembros y ciudadan\u00eda de la UE debemos salir juntos de la crisis del Covid con un extraordinario acto de solidaridad, pragmatismo y compromiso. El embajador de Alemania en Espa\u00f1a expuso las prioridades de la presidencia del Consejo de la UE en el Webinar &#8216;online&#8217; organizado por el Comit\u00e9 Espa\u00f1ol de la LECE.<\/p>\n","protected":false},"author":1,"featured_media":4108,"comment_status":"open","ping_status":"open","sticky":false,"template":"","format":"standard","meta":{"_acf_changed":false,"footnotes":""},"categories":[38],"tags":[],"class_list":["post-4111","post","type-post","status-publish","format-standard","has-post-thumbnail","hentry","category-dinars-colloqui-ca"],"acf":[],"yoast_head":"<!-- This site is optimized with the Yoast SEO plugin v25.9 - https:\/\/yoast.com\/wordpress\/plugins\/seo\/ -->\n<title>Presidencia alemana UE: Solidaridad y pragmatismo. Webinar LECE<\/title>\n<meta name=\"description\" content=\"Estados miembros y ciudadan\u00eda de la UE debemos salir juntos de la crisis del Covid con un extraordinario acto de solidaridad, pragmatismo y compromiso. El embajador de Alemania en Espa\u00f1a expuso las prioridades de la presidencia del Consejo de la UE en el Webinar &#039;online&#039; organizado por el Comit\u00e9 Espa\u00f1ol de la LECE.\" \/>\n<meta name=\"robots\" content=\"index, follow, max-snippet:-1, max-image-preview:large, max-video-preview:-1\" \/>\n<link rel=\"canonical\" href=\"https:\/\/www.leceonline.org\/ca\/embajador-alemania-solidaridad-proyecto-europeo-comun\/\" \/>\n<meta property=\"og:locale\" content=\"ca_ES\" \/>\n<meta property=\"og:type\" content=\"article\" \/>\n<meta property=\"og:title\" content=\"Presidencia alemana UE: Solidaridad y pragmatismo. Webinar LECE\" \/>\n<meta property=\"og:description\" content=\"Estados miembros y ciudadan\u00eda de la UE debemos salir juntos de la crisis del Covid con un extraordinario acto de solidaridad, pragmatismo y compromiso. El embajador de Alemania en Espa\u00f1a expuso las prioridades de la presidencia del Consejo de la UE en el Webinar &#039;online&#039; organizado por el Comit\u00e9 Espa\u00f1ol de la LECE.\" \/>\n<meta property=\"og:url\" content=\"https:\/\/www.leceonline.org\/ca\/embajador-alemania-solidaridad-proyecto-europeo-comun\/\" \/>\n<meta property=\"og:site_name\" content=\"Lece Online\" \/>\n<meta property=\"article:published_time\" content=\"2020-07-17T07:39:17+00:00\" \/>\n<meta property=\"article:modified_time\" content=\"2020-07-21T09:00:43+00:00\" \/>\n<meta property=\"og:image\" content=\"https:\/\/www.leceonline.org\/custom\/uploads\/2020\/07\/Captura-de-Pantalla-2020-07-17-a-les-8.11.08.png\" \/>\n\t<meta property=\"og:image:width\" content=\"1532\" \/>\n\t<meta property=\"og:image:height\" content=\"1588\" \/>\n\t<meta property=\"og:image:type\" content=\"image\/png\" \/>\n<meta name=\"author\" content=\"leceonline\" \/>\n<meta name=\"twitter:card\" content=\"summary_large_image\" \/>\n<meta name=\"twitter:label1\" content=\"Escrit per\" \/>\n\t<meta name=\"twitter:data1\" content=\"leceonline\" \/>\n\t<meta name=\"twitter:label2\" content=\"Temps estimat de lectura\" \/>\n\t<meta name=\"twitter:data2\" content=\"5 minuts\" \/>\n<script type=\"application\/ld+json\" class=\"yoast-schema-graph\">{\"@context\":\"https:\/\/schema.org\",\"@graph\":[{\"@type\":\"WebPage\",\"@id\":\"https:\/\/www.leceonline.org\/ca\/embajador-alemania-solidaridad-proyecto-europeo-comun\/\",\"url\":\"https:\/\/www.leceonline.org\/ca\/embajador-alemania-solidaridad-proyecto-europeo-comun\/\",\"name\":\"Presidencia alemana UE: Solidaridad y pragmatismo. Webinar LECE\",\"isPartOf\":{\"@id\":\"https:\/\/www.leceonline.org\/#website\"},\"primaryImageOfPage\":{\"@id\":\"https:\/\/www.leceonline.org\/ca\/embajador-alemania-solidaridad-proyecto-europeo-comun\/#primaryimage\"},\"image\":{\"@id\":\"https:\/\/www.leceonline.org\/ca\/embajador-alemania-solidaridad-proyecto-europeo-comun\/#primaryimage\"},\"thumbnailUrl\":\"https:\/\/www.leceonline.org\/custom\/uploads\/2020\/07\/Captura-de-Pantalla-2020-07-17-a-les-8.11.08.png\",\"datePublished\":\"2020-07-17T07:39:17+00:00\",\"dateModified\":\"2020-07-21T09:00:43+00:00\",\"author\":{\"@id\":\"https:\/\/www.leceonline.org\/#\/schema\/person\/97715c9d9f0168f7d8a020b912b04e9b\"},\"description\":\"Estados miembros y ciudadan\u00eda de la UE debemos salir juntos de la crisis del Covid con un extraordinario acto de solidaridad, pragmatismo y compromiso. El embajador de Alemania en Espa\u00f1a expuso las prioridades de la presidencia del Consejo de la UE en el Webinar 'online' organizado por el Comit\u00e9 Espa\u00f1ol de la LECE.\",\"breadcrumb\":{\"@id\":\"https:\/\/www.leceonline.org\/ca\/embajador-alemania-solidaridad-proyecto-europeo-comun\/#breadcrumb\"},\"inLanguage\":\"ca\",\"potentialAction\":[{\"@type\":\"ReadAction\",\"target\":[\"https:\/\/www.leceonline.org\/ca\/embajador-alemania-solidaridad-proyecto-europeo-comun\/\"]}]},{\"@type\":\"ImageObject\",\"inLanguage\":\"ca\",\"@id\":\"https:\/\/www.leceonline.org\/ca\/embajador-alemania-solidaridad-proyecto-europeo-comun\/#primaryimage\",\"url\":\"https:\/\/www.leceonline.org\/custom\/uploads\/2020\/07\/Captura-de-Pantalla-2020-07-17-a-les-8.11.08.png\",\"contentUrl\":\"https:\/\/www.leceonline.org\/custom\/uploads\/2020\/07\/Captura-de-Pantalla-2020-07-17-a-les-8.11.08.png\",\"width\":1532,\"height\":1588},{\"@type\":\"BreadcrumbList\",\"@id\":\"https:\/\/www.leceonline.org\/ca\/embajador-alemania-solidaridad-proyecto-europeo-comun\/#breadcrumb\",\"itemListElement\":[{\"@type\":\"ListItem\",\"position\":1,\"name\":\"Portada\",\"item\":\"https:\/\/www.leceonline.org\/ca\/\"},{\"@type\":\"ListItem\",\"position\":2,\"name\":\"El Embajador de Alemania en Espa\u00f1a destaca la solidaridad, pragmatismo y compromiso para superar la crisis y dar fuerza al proyecto europeo com\u00fan\"}]},{\"@type\":\"WebSite\",\"@id\":\"https:\/\/www.leceonline.org\/#website\",\"url\":\"https:\/\/www.leceonline.org\/\",\"name\":\"Lece Online\",\"description\":\"Comit\u00e9 Espa\u00f1ol de la Liga Europea de Cooperaci\u00f3n Econ\u00f3mica (LECE)\",\"potentialAction\":[{\"@type\":\"SearchAction\",\"target\":{\"@type\":\"EntryPoint\",\"urlTemplate\":\"https:\/\/www.leceonline.org\/?s={search_term_string}\"},\"query-input\":{\"@type\":\"PropertyValueSpecification\",\"valueRequired\":true,\"valueName\":\"search_term_string\"}}],\"inLanguage\":\"ca\"},{\"@type\":\"Person\",\"@id\":\"https:\/\/www.leceonline.org\/#\/schema\/person\/97715c9d9f0168f7d8a020b912b04e9b\",\"name\":\"leceonline\",\"image\":{\"@type\":\"ImageObject\",\"inLanguage\":\"ca\",\"@id\":\"https:\/\/www.leceonline.org\/#\/schema\/person\/image\/\",\"url\":\"https:\/\/secure.gravatar.com\/avatar\/af029eeaee171717243ada7857dec35925251d9d883cadc1e4fb3c8d1283bd19?s=96&d=mm&r=g\",\"contentUrl\":\"https:\/\/secure.gravatar.com\/avatar\/af029eeaee171717243ada7857dec35925251d9d883cadc1e4fb3c8d1283bd19?s=96&d=mm&r=g\",\"caption\":\"leceonline\"}}]}<\/script>\n<!-- \/ Yoast SEO plugin. -->","yoast_head_json":{"title":"Presidencia alemana UE: Solidaridad y pragmatismo. Webinar LECE","description":"Estados miembros y ciudadan\u00eda de la UE debemos salir juntos de la crisis del Covid con un extraordinario acto de solidaridad, pragmatismo y compromiso. El embajador de Alemania en Espa\u00f1a expuso las prioridades de la presidencia del Consejo de la UE en el Webinar 'online' organizado por el Comit\u00e9 Espa\u00f1ol de la LECE.","robots":{"index":"index","follow":"follow","max-snippet":"max-snippet:-1","max-image-preview":"max-image-preview:large","max-video-preview":"max-video-preview:-1"},"canonical":"https:\/\/www.leceonline.org\/ca\/embajador-alemania-solidaridad-proyecto-europeo-comun\/","og_locale":"ca_ES","og_type":"article","og_title":"Presidencia alemana UE: Solidaridad y pragmatismo. Webinar LECE","og_description":"Estados miembros y ciudadan\u00eda de la UE debemos salir juntos de la crisis del Covid con un extraordinario acto de solidaridad, pragmatismo y compromiso. El embajador de Alemania en Espa\u00f1a expuso las prioridades de la presidencia del Consejo de la UE en el Webinar 'online' organizado por el Comit\u00e9 Espa\u00f1ol de la LECE.","og_url":"https:\/\/www.leceonline.org\/ca\/embajador-alemania-solidaridad-proyecto-europeo-comun\/","og_site_name":"Lece Online","article_published_time":"2020-07-17T07:39:17+00:00","article_modified_time":"2020-07-21T09:00:43+00:00","og_image":[{"width":1532,"height":1588,"url":"https:\/\/www.leceonline.org\/custom\/uploads\/2020\/07\/Captura-de-Pantalla-2020-07-17-a-les-8.11.08.png","type":"image\/png"}],"author":"leceonline","twitter_card":"summary_large_image","twitter_misc":{"Escrit per":"leceonline","Temps estimat de lectura":"5 minuts"},"schema":{"@context":"https:\/\/schema.org","@graph":[{"@type":"WebPage","@id":"https:\/\/www.leceonline.org\/ca\/embajador-alemania-solidaridad-proyecto-europeo-comun\/","url":"https:\/\/www.leceonline.org\/ca\/embajador-alemania-solidaridad-proyecto-europeo-comun\/","name":"Presidencia alemana UE: Solidaridad y pragmatismo. Webinar LECE","isPartOf":{"@id":"https:\/\/www.leceonline.org\/#website"},"primaryImageOfPage":{"@id":"https:\/\/www.leceonline.org\/ca\/embajador-alemania-solidaridad-proyecto-europeo-comun\/#primaryimage"},"image":{"@id":"https:\/\/www.leceonline.org\/ca\/embajador-alemania-solidaridad-proyecto-europeo-comun\/#primaryimage"},"thumbnailUrl":"https:\/\/www.leceonline.org\/custom\/uploads\/2020\/07\/Captura-de-Pantalla-2020-07-17-a-les-8.11.08.png","datePublished":"2020-07-17T07:39:17+00:00","dateModified":"2020-07-21T09:00:43+00:00","author":{"@id":"https:\/\/www.leceonline.org\/#\/schema\/person\/97715c9d9f0168f7d8a020b912b04e9b"},"description":"Estados miembros y ciudadan\u00eda de la UE debemos salir juntos de la crisis del Covid con un extraordinario acto de solidaridad, pragmatismo y compromiso. El embajador de Alemania en Espa\u00f1a expuso las prioridades de la presidencia del Consejo de la UE en el Webinar 'online' organizado por el Comit\u00e9 Espa\u00f1ol de la LECE.","breadcrumb":{"@id":"https:\/\/www.leceonline.org\/ca\/embajador-alemania-solidaridad-proyecto-europeo-comun\/#breadcrumb"},"inLanguage":"ca","potentialAction":[{"@type":"ReadAction","target":["https:\/\/www.leceonline.org\/ca\/embajador-alemania-solidaridad-proyecto-europeo-comun\/"]}]},{"@type":"ImageObject","inLanguage":"ca","@id":"https:\/\/www.leceonline.org\/ca\/embajador-alemania-solidaridad-proyecto-europeo-comun\/#primaryimage","url":"https:\/\/www.leceonline.org\/custom\/uploads\/2020\/07\/Captura-de-Pantalla-2020-07-17-a-les-8.11.08.png","contentUrl":"https:\/\/www.leceonline.org\/custom\/uploads\/2020\/07\/Captura-de-Pantalla-2020-07-17-a-les-8.11.08.png","width":1532,"height":1588},{"@type":"BreadcrumbList","@id":"https:\/\/www.leceonline.org\/ca\/embajador-alemania-solidaridad-proyecto-europeo-comun\/#breadcrumb","itemListElement":[{"@type":"ListItem","position":1,"name":"Portada","item":"https:\/\/www.leceonline.org\/ca\/"},{"@type":"ListItem","position":2,"name":"El Embajador de Alemania en Espa\u00f1a destaca la solidaridad, pragmatismo y compromiso para superar la crisis y dar fuerza al proyecto europeo com\u00fan"}]},{"@type":"WebSite","@id":"https:\/\/www.leceonline.org\/#website","url":"https:\/\/www.leceonline.org\/","name":"Lece Online","description":"Comit\u00e9 Espa\u00f1ol de la Liga Europea de Cooperaci\u00f3n Econ\u00f3mica (LECE)","potentialAction":[{"@type":"SearchAction","target":{"@type":"EntryPoint","urlTemplate":"https:\/\/www.leceonline.org\/?s={search_term_string}"},"query-input":{"@type":"PropertyValueSpecification","valueRequired":true,"valueName":"search_term_string"}}],"inLanguage":"ca"},{"@type":"Person","@id":"https:\/\/www.leceonline.org\/#\/schema\/person\/97715c9d9f0168f7d8a020b912b04e9b","name":"leceonline","image":{"@type":"ImageObject","inLanguage":"ca","@id":"https:\/\/www.leceonline.org\/#\/schema\/person\/image\/","url":"https:\/\/secure.gravatar.com\/avatar\/af029eeaee171717243ada7857dec35925251d9d883cadc1e4fb3c8d1283bd19?s=96&d=mm&r=g","contentUrl":"https:\/\/secure.gravatar.com\/avatar\/af029eeaee171717243ada7857dec35925251d9d883cadc1e4fb3c8d1283bd19?s=96&d=mm&r=g","caption":"leceonline"}}]}},"_links":{"self":[{"href":"https:\/\/www.leceonline.org\/ca\/wp-json\/wp\/v2\/posts\/4111","targetHints":{"allow":["GET"]}}],"collection":[{"href":"https:\/\/www.leceonline.org\/ca\/wp-json\/wp\/v2\/posts"}],"about":[{"href":"https:\/\/www.leceonline.org\/ca\/wp-json\/wp\/v2\/types\/post"}],"author":[{"embeddable":true,"href":"https:\/\/www.leceonline.org\/ca\/wp-json\/wp\/v2\/users\/1"}],"replies":[{"embeddable":true,"href":"https:\/\/www.leceonline.org\/ca\/wp-json\/wp\/v2\/comments?post=4111"}],"version-history":[{"count":0,"href":"https:\/\/www.leceonline.org\/ca\/wp-json\/wp\/v2\/posts\/4111\/revisions"}],"wp:featuredmedia":[{"embeddable":true,"href":"https:\/\/www.leceonline.org\/ca\/wp-json\/wp\/v2\/media\/4108"}],"wp:attachment":[{"href":"https:\/\/www.leceonline.org\/ca\/wp-json\/wp\/v2\/media?parent=4111"}],"wp:term":[{"taxonomy":"category","embeddable":true,"href":"https:\/\/www.leceonline.org\/ca\/wp-json\/wp\/v2\/categories?post=4111"},{"taxonomy":"post_tag","embeddable":true,"href":"https:\/\/www.leceonline.org\/ca\/wp-json\/wp\/v2\/tags?post=4111"}],"curies":[{"name":"wp","href":"https:\/\/api.w.org\/{rel}","templated":true}]}}