{"id":4959,"date":"2022-11-09T09:11:16","date_gmt":"2022-11-09T09:11:16","guid":{"rendered":"https:\/\/www.leceonline.org\/guerra-en-ucrania-europa-quiere-construir-desde-la-libertad\/"},"modified":"2022-11-09T09:11:16","modified_gmt":"2022-11-09T09:11:16","slug":"guerra-en-ucrania-europa-quiere-construir-desde-la-libertad","status":"publish","type":"post","link":"https:\/\/www.leceonline.org\/ca\/guerra-en-ucrania-europa-quiere-construir-desde-la-libertad\/","title":{"rendered":"Guerra en Ucrania: Europa quiere construir desde la libertad"},"content":{"rendered":"<p>La Uni\u00f3n Europea (UE) se construy\u00f3 desde la libertad de sus estados miembro. Esa libertad se ha menoscabado en la guerra en Ucrania. Ese contexto fue el punto de partida del Seminario &#8220;Las consecuencias de la guerra en Ucrania: hacia m\u00e1s inestabilidad en el Mediterr\u00e1neo?&#8221;, organizado por el Comit\u00e9 Espa\u00f1ol de la LECE en colaboraci\u00f3n con Banc Sabadell y en el marco del programa Hablamos de Europa, de la Secretar\u00eda de Estado para la UE. La celebraci\u00f3n tuvo lugar en la sede de Banc Sabadell en Barcelona el pasado 25 de octubre.<\/p>\n<p>La inauguraci\u00f3n la llev\u00f3 a cabo el presidente del Comit\u00e9 Espa\u00f1ol de la LECE, Francesc Homs i Ferret, y del presidente ejecutivo del Instituto Europeo del Mediterr\u00e1neo (IEMed), Sen\u00e9n Florensa. El \u00a0miembro de la junta directiva del Comit\u00e9 espa\u00f1ol de la LECE, Patrick Trezise, dio la bienvenida a los asistentes en en nombre del primer vicepresidente de la Junta y presidente de Banc Sabadell , Josep Oliu.<\/p>\n<p>La primera mesa redonda, moderada por el periodista de La Vanguardia Xavier Mas de Xax\u00e0s, abord\u00f3 las repercusiones geopol\u00edticas de la guerra en Ucrania en el espacio euro-mediterr\u00e1neo.<\/p>\n<p>El embajador Eugenio Bregolat, quien ostent\u00f3 el cargo de embajador de Espa\u00f1a en Rusia y en China, remarc\u00f3 que el problema viene de la desintegraci\u00f3n de la Uni\u00f3n Sovi\u00e9tica (URSS). La promesa incumplida de occidente al \u00faltimo presidente de la URSS, Mijail Gorbachov, de que la OTAN no se ampliar\u00eda hacia el Este es el origen de los problemas actuales. El posterior presidente ruso, Bor\u00eds Yeltsin, pidi\u00f3 el ingreso del pa\u00eds a la OTAN. No avanz\u00f3, pero se invit\u00f3 a Ucrania y Georgia para que s\u00ed entraran. El actual presidente Vladimir Putin reforz\u00f3 su posicionamiento con el conflicto de Crimea en 2014, que ha continuado con la actual guerra en Ucrania.<\/p>\n<p>Eugenio Bregolat considera que, finalmente, se ha vuelto a generar un mundo con dos bloques: Estados Unidos-Europa frente a China-Rusia. Es interesante, dijo el Embajador, c\u00f3mo China aboga para una integridad territorial y soberan\u00eda estatal para Ucrania. Por ello intenta mediar en el conflicto, animando a Alemania y Francia a participar. Este es un punto importante para pensar en un cierre del conflicto.<\/p>\n<blockquote><p>Vuelve a haber 2 bloques en el mundo<\/p><\/blockquote>\n<p>El segundo ponente en esta mesa geopol\u00edtica fue el coordinador de pol\u00edticas con los vecinos del Sur, Oriente Medio, Turqu\u00eda, Rusia y Asia Central DG Trade de la Comisi\u00f3n Europea, Arunas Vinciunas. El representante europeo fue claro abogando por neutralizar el chantaje de Rusia y en ayudar a Ucrania. Incidi\u00f3 en la necesidad de mejorar los acuerdos comerciales con la vecindad meridional, haciendo \u00e9nfasis en las relaciones con los pa\u00edses mediterr\u00e1neos.<\/p>\n<p>Cerr\u00f3 este primer bloque el fundador del Centro de Estudios e Investigaci\u00f3n sobre el Mundo \u00c1rabe Contempor\u00e1neo, Bichara Khader. Dio la visi\u00f3n de c\u00f3mo los pa\u00edses del sur del mediterr\u00e1neo tienen distintos posicionamientos ante la guerra seg\u00fan la historia, los intereses nacionales y la geopol\u00edtica regional. As\u00ed, Siria es favorable a Rusia. El L\u00edbano, Kuwait y Libia han sido hostiles. Para la mayor\u00eda de los pa\u00edses \u00e1rabes, dijo Khader, es una guerra entre europeos que revela una especia de nostalgia de guerras fr\u00edas para separar y no integrar, para reforzar el liderazgo americano y dar alas a la OTAN.\u00a0 Es por ello que esa posici\u00f3n neutral o poco clara de los pa\u00edses \u00e1rabes se basa en un resentimiento hacia occidente. Geopol\u00edticamente, la guerra de Ucrania desv\u00eda la atenci\u00f3n de otros conflictos enquistados en el Mediterr\u00e1neo o en \u00c1frica y provoca una recomposici\u00f3n de las alianzas internacionales.<\/p>\n<p>&nbsp;<\/p>\n<p><strong>Las dificultades econ\u00f3micas de la guerra<\/strong><\/p>\n<p>En el segundo bloque del seminario se concretaron los aspectos econ\u00f3micos de la guerra, sobretodo en el \u00e1mbito de las materias primas y la energ\u00eda. Moderados por el actual presidente del Comit\u00e9 Portugu\u00e9s de la LECE y antiguo ministro de Asuntos Exteriores de Portugal, Antonio Martins da Cruz, los ponentes concretaron distintos aspectos de los efectos econ\u00f3micos del conflicto.<\/p>\n<p>El catedr\u00e1tico de econom\u00eda de la Universitat Pompeu Fabra, Albert Carreras, remarc\u00f3 que hay serias dudas sobre las represalias econ\u00f3micas hacia Rusia que la OTAN, los Estados Unidos y la UE han aplicado. De momento, como remarc\u00f3 el segundo ponente, el jefe de estudios del Instituto Agr\u00edcola Catal\u00e1n de Sant Isidre, Javier Santacruz, los bloqueos en la exportaci\u00f3n agroalimentaria que Rusia ha hecho hacia Ucrania supone que la UE deba buscar otras fuentes de suministro, empezando por las propias cosechas de los estados miembro. Hablamos, b\u00e1sicamente, de cereales, aceites vegetales y oleaginosas.<\/p>\n<blockquote><p>La guerra afecta a\u00a0 la energ\u00eda y la alimentaci\u00f3n<\/p><\/blockquote>\n<p>Finalmente, el director gerente del Instituto Europeo del Mediterr\u00e1neo (IEMed), Roger Albinyana, se centr\u00f3 en el tema energ\u00e9tico. Albinyana considera que estamos en una situaci\u00f3n compleja\u00a0 desde el punto de vista de gesti\u00f3n de recursos energ\u00e9ticos a nivel europeo. Lo m\u00e1s importante es facilitar la cooperaci\u00f3n de forma regional y multilateral. Es un error solamente la negociaci\u00f3n entre la UE y los pa\u00edses del sur del mediterr\u00e1neo. Debe haber una negociaci\u00f3n interregional, seg\u00fan Roger Albinyana, que permita integrar a los pa\u00edses del sur y el este del mediterr\u00e1neo para un espacio com\u00fan energ\u00e9tico.<\/p>\n<p>Porque la realidad es que es imposible cubrir con Argelia y Egipto el gas que ya no llega desde Rusia. El hidrogeno verde, con acuerdos ya entre la UE y Marruecos y Egipto para que produzcan y exporten, es mas factible pero a un plazo de dos o tres a\u00f1os, y con la necesidad de generar infraestructuras. Finalmente, Albinyana remarc\u00f3 que a nivel de la producci\u00f3n de energ\u00eda limpia se contempla como un elemento para encauzar la colaboraci\u00f3n entre la UE y los pa\u00edses del sur del mediterr\u00e1neo.<\/p>\n<p>Las conclusiones y clausura fueron a cargo del presidente del Comit\u00e9 Espa\u00f1ol de la LECE, Francesc Homs i Ferret. El Presidente record\u00f3 que Europa se ha construido desde la libertad, y esto es una complejidad para su gobernanza. Si un pa\u00eds quiere salir de la Uni\u00f3n Europea, como Gran Breta\u00f1a, la respuesta no es una guerra contra ese pa\u00eds. Aun y as\u00ed, Homs remarc\u00f3 que puede ser que la guerra de Ucrania sea la v\u00eda de entrada para reencontrar las relaciones con Rusia, porque la historia de Europa es tambi\u00e9n la historia de Rusia. Pero siempre bajo el manto de la libertad. Europa est\u00e1 buscando ahora un modelo de gobernanza cooperativo, con pol\u00edticas unitarias que refuercen el camino europeo, en el que la sociedad civil tiene mucho que decir. Sin la sociedad detr\u00e1s, Europa es d\u00e9bil. Ahora es el momento de reforzarla como se hace, dijo Francesc Homs i Ferret, desde el Comit\u00e9 Espa\u00f1ol de la LECE y la LECE internacional.<\/p>\n","protected":false},"excerpt":{"rendered":"<p>La guerra en Ucrania ha ratificado que vuelven los bloques en el mundo. La Uni\u00f3n Europea aborda el conflicto desde el principio de la libertad.<\/p>\n","protected":false},"author":1,"featured_media":4954,"comment_status":"open","ping_status":"open","sticky":false,"template":"","format":"standard","meta":{"_acf_changed":false,"footnotes":""},"categories":[34],"tags":[],"class_list":["post-4959","post","type-post","status-publish","format-standard","has-post-thumbnail","hentry","category-jornades-ca"],"acf":[],"yoast_head":"<!-- This site is optimized with the Yoast SEO plugin v25.9 - https:\/\/yoast.com\/wordpress\/plugins\/seo\/ -->\n<title>Guerra en Ucrania: Europa quiere construir desde la libertad - Lece Online<\/title>\n<meta name=\"robots\" content=\"index, follow, max-snippet:-1, max-image-preview:large, max-video-preview:-1\" \/>\n<link rel=\"canonical\" href=\"https:\/\/www.leceonline.org\/ca\/guerra-en-ucrania-europa-quiere-construir-desde-la-libertad\/\" \/>\n<meta property=\"og:locale\" content=\"ca_ES\" \/>\n<meta property=\"og:type\" content=\"article\" \/>\n<meta property=\"og:title\" content=\"Guerra en Ucrania: Europa quiere construir desde la libertad - Lece Online\" \/>\n<meta property=\"og:description\" content=\"La guerra en Ucrania ha ratificado que vuelven los bloques en el mundo. La Uni\u00f3n Europea aborda el conflicto desde el principio de la libertad.\" \/>\n<meta property=\"og:url\" content=\"https:\/\/www.leceonline.org\/ca\/guerra-en-ucrania-europa-quiere-construir-desde-la-libertad\/\" \/>\n<meta property=\"og:site_name\" content=\"Lece Online\" \/>\n<meta property=\"article:published_time\" content=\"2022-11-09T09:11:16+00:00\" \/>\n<meta name=\"author\" content=\"leceonline\" \/>\n<meta name=\"twitter:card\" content=\"summary_large_image\" \/>\n<meta name=\"twitter:label1\" content=\"Escrit per\" \/>\n\t<meta name=\"twitter:data1\" content=\"leceonline\" \/>\n\t<meta name=\"twitter:label2\" content=\"Temps estimat de lectura\" \/>\n\t<meta name=\"twitter:data2\" content=\"6 minuts\" \/>\n<script type=\"application\/ld+json\" class=\"yoast-schema-graph\">{\"@context\":\"https:\/\/schema.org\",\"@graph\":[{\"@type\":\"WebPage\",\"@id\":\"https:\/\/www.leceonline.org\/ca\/guerra-en-ucrania-europa-quiere-construir-desde-la-libertad\/\",\"url\":\"https:\/\/www.leceonline.org\/ca\/guerra-en-ucrania-europa-quiere-construir-desde-la-libertad\/\",\"name\":\"Guerra en Ucrania: Europa quiere construir desde la libertad - Lece Online\",\"isPartOf\":{\"@id\":\"https:\/\/www.leceonline.org\/#website\"},\"primaryImageOfPage\":{\"@id\":\"https:\/\/www.leceonline.org\/ca\/guerra-en-ucrania-europa-quiere-construir-desde-la-libertad\/#primaryimage\"},\"image\":{\"@id\":\"https:\/\/www.leceonline.org\/ca\/guerra-en-ucrania-europa-quiere-construir-desde-la-libertad\/#primaryimage\"},\"thumbnailUrl\":\"https:\/\/www.leceonline.org\/custom\/uploads\/2022\/11\/c1f97e6d-102d-4f4e-8cfe-8be02a5e4af9.jpg\",\"datePublished\":\"2022-11-09T09:11:16+00:00\",\"author\":{\"@id\":\"https:\/\/www.leceonline.org\/#\/schema\/person\/97715c9d9f0168f7d8a020b912b04e9b\"},\"breadcrumb\":{\"@id\":\"https:\/\/www.leceonline.org\/ca\/guerra-en-ucrania-europa-quiere-construir-desde-la-libertad\/#breadcrumb\"},\"inLanguage\":\"ca\",\"potentialAction\":[{\"@type\":\"ReadAction\",\"target\":[\"https:\/\/www.leceonline.org\/ca\/guerra-en-ucrania-europa-quiere-construir-desde-la-libertad\/\"]}]},{\"@type\":\"ImageObject\",\"inLanguage\":\"ca\",\"@id\":\"https:\/\/www.leceonline.org\/ca\/guerra-en-ucrania-europa-quiere-construir-desde-la-libertad\/#primaryimage\",\"url\":\"https:\/\/www.leceonline.org\/custom\/uploads\/2022\/11\/c1f97e6d-102d-4f4e-8cfe-8be02a5e4af9.jpg\",\"contentUrl\":\"https:\/\/www.leceonline.org\/custom\/uploads\/2022\/11\/c1f97e6d-102d-4f4e-8cfe-8be02a5e4af9.jpg\",\"width\":1600,\"height\":1200},{\"@type\":\"BreadcrumbList\",\"@id\":\"https:\/\/www.leceonline.org\/ca\/guerra-en-ucrania-europa-quiere-construir-desde-la-libertad\/#breadcrumb\",\"itemListElement\":[{\"@type\":\"ListItem\",\"position\":1,\"name\":\"Portada\",\"item\":\"https:\/\/www.leceonline.org\/ca\/\"},{\"@type\":\"ListItem\",\"position\":2,\"name\":\"Guerra en Ucrania: Europa quiere construir desde la libertad\"}]},{\"@type\":\"WebSite\",\"@id\":\"https:\/\/www.leceonline.org\/#website\",\"url\":\"https:\/\/www.leceonline.org\/\",\"name\":\"Lece Online\",\"description\":\"Comit\u00e9 Espa\u00f1ol de la Liga Europea de Cooperaci\u00f3n Econ\u00f3mica (LECE)\",\"potentialAction\":[{\"@type\":\"SearchAction\",\"target\":{\"@type\":\"EntryPoint\",\"urlTemplate\":\"https:\/\/www.leceonline.org\/?s={search_term_string}\"},\"query-input\":{\"@type\":\"PropertyValueSpecification\",\"valueRequired\":true,\"valueName\":\"search_term_string\"}}],\"inLanguage\":\"ca\"},{\"@type\":\"Person\",\"@id\":\"https:\/\/www.leceonline.org\/#\/schema\/person\/97715c9d9f0168f7d8a020b912b04e9b\",\"name\":\"leceonline\",\"image\":{\"@type\":\"ImageObject\",\"inLanguage\":\"ca\",\"@id\":\"https:\/\/www.leceonline.org\/#\/schema\/person\/image\/\",\"url\":\"https:\/\/secure.gravatar.com\/avatar\/af029eeaee171717243ada7857dec35925251d9d883cadc1e4fb3c8d1283bd19?s=96&d=mm&r=g\",\"contentUrl\":\"https:\/\/secure.gravatar.com\/avatar\/af029eeaee171717243ada7857dec35925251d9d883cadc1e4fb3c8d1283bd19?s=96&d=mm&r=g\",\"caption\":\"leceonline\"}}]}<\/script>\n<!-- \/ Yoast SEO plugin. -->","yoast_head_json":{"title":"Guerra en Ucrania: Europa quiere construir desde la libertad - Lece Online","robots":{"index":"index","follow":"follow","max-snippet":"max-snippet:-1","max-image-preview":"max-image-preview:large","max-video-preview":"max-video-preview:-1"},"canonical":"https:\/\/www.leceonline.org\/ca\/guerra-en-ucrania-europa-quiere-construir-desde-la-libertad\/","og_locale":"ca_ES","og_type":"article","og_title":"Guerra en Ucrania: Europa quiere construir desde la libertad - Lece Online","og_description":"La guerra en Ucrania ha ratificado que vuelven los bloques en el mundo. La Uni\u00f3n Europea aborda el conflicto desde el principio de la libertad.","og_url":"https:\/\/www.leceonline.org\/ca\/guerra-en-ucrania-europa-quiere-construir-desde-la-libertad\/","og_site_name":"Lece Online","article_published_time":"2022-11-09T09:11:16+00:00","author":"leceonline","twitter_card":"summary_large_image","twitter_misc":{"Escrit per":"leceonline","Temps estimat de lectura":"6 minuts"},"schema":{"@context":"https:\/\/schema.org","@graph":[{"@type":"WebPage","@id":"https:\/\/www.leceonline.org\/ca\/guerra-en-ucrania-europa-quiere-construir-desde-la-libertad\/","url":"https:\/\/www.leceonline.org\/ca\/guerra-en-ucrania-europa-quiere-construir-desde-la-libertad\/","name":"Guerra en Ucrania: Europa quiere construir desde la libertad - Lece Online","isPartOf":{"@id":"https:\/\/www.leceonline.org\/#website"},"primaryImageOfPage":{"@id":"https:\/\/www.leceonline.org\/ca\/guerra-en-ucrania-europa-quiere-construir-desde-la-libertad\/#primaryimage"},"image":{"@id":"https:\/\/www.leceonline.org\/ca\/guerra-en-ucrania-europa-quiere-construir-desde-la-libertad\/#primaryimage"},"thumbnailUrl":"https:\/\/www.leceonline.org\/custom\/uploads\/2022\/11\/c1f97e6d-102d-4f4e-8cfe-8be02a5e4af9.jpg","datePublished":"2022-11-09T09:11:16+00:00","author":{"@id":"https:\/\/www.leceonline.org\/#\/schema\/person\/97715c9d9f0168f7d8a020b912b04e9b"},"breadcrumb":{"@id":"https:\/\/www.leceonline.org\/ca\/guerra-en-ucrania-europa-quiere-construir-desde-la-libertad\/#breadcrumb"},"inLanguage":"ca","potentialAction":[{"@type":"ReadAction","target":["https:\/\/www.leceonline.org\/ca\/guerra-en-ucrania-europa-quiere-construir-desde-la-libertad\/"]}]},{"@type":"ImageObject","inLanguage":"ca","@id":"https:\/\/www.leceonline.org\/ca\/guerra-en-ucrania-europa-quiere-construir-desde-la-libertad\/#primaryimage","url":"https:\/\/www.leceonline.org\/custom\/uploads\/2022\/11\/c1f97e6d-102d-4f4e-8cfe-8be02a5e4af9.jpg","contentUrl":"https:\/\/www.leceonline.org\/custom\/uploads\/2022\/11\/c1f97e6d-102d-4f4e-8cfe-8be02a5e4af9.jpg","width":1600,"height":1200},{"@type":"BreadcrumbList","@id":"https:\/\/www.leceonline.org\/ca\/guerra-en-ucrania-europa-quiere-construir-desde-la-libertad\/#breadcrumb","itemListElement":[{"@type":"ListItem","position":1,"name":"Portada","item":"https:\/\/www.leceonline.org\/ca\/"},{"@type":"ListItem","position":2,"name":"Guerra en Ucrania: Europa quiere construir desde la libertad"}]},{"@type":"WebSite","@id":"https:\/\/www.leceonline.org\/#website","url":"https:\/\/www.leceonline.org\/","name":"Lece Online","description":"Comit\u00e9 Espa\u00f1ol de la Liga Europea de Cooperaci\u00f3n Econ\u00f3mica (LECE)","potentialAction":[{"@type":"SearchAction","target":{"@type":"EntryPoint","urlTemplate":"https:\/\/www.leceonline.org\/?s={search_term_string}"},"query-input":{"@type":"PropertyValueSpecification","valueRequired":true,"valueName":"search_term_string"}}],"inLanguage":"ca"},{"@type":"Person","@id":"https:\/\/www.leceonline.org\/#\/schema\/person\/97715c9d9f0168f7d8a020b912b04e9b","name":"leceonline","image":{"@type":"ImageObject","inLanguage":"ca","@id":"https:\/\/www.leceonline.org\/#\/schema\/person\/image\/","url":"https:\/\/secure.gravatar.com\/avatar\/af029eeaee171717243ada7857dec35925251d9d883cadc1e4fb3c8d1283bd19?s=96&d=mm&r=g","contentUrl":"https:\/\/secure.gravatar.com\/avatar\/af029eeaee171717243ada7857dec35925251d9d883cadc1e4fb3c8d1283bd19?s=96&d=mm&r=g","caption":"leceonline"}}]}},"_links":{"self":[{"href":"https:\/\/www.leceonline.org\/ca\/wp-json\/wp\/v2\/posts\/4959","targetHints":{"allow":["GET"]}}],"collection":[{"href":"https:\/\/www.leceonline.org\/ca\/wp-json\/wp\/v2\/posts"}],"about":[{"href":"https:\/\/www.leceonline.org\/ca\/wp-json\/wp\/v2\/types\/post"}],"author":[{"embeddable":true,"href":"https:\/\/www.leceonline.org\/ca\/wp-json\/wp\/v2\/users\/1"}],"replies":[{"embeddable":true,"href":"https:\/\/www.leceonline.org\/ca\/wp-json\/wp\/v2\/comments?post=4959"}],"version-history":[{"count":0,"href":"https:\/\/www.leceonline.org\/ca\/wp-json\/wp\/v2\/posts\/4959\/revisions"}],"wp:featuredmedia":[{"embeddable":true,"href":"https:\/\/www.leceonline.org\/ca\/wp-json\/wp\/v2\/media\/4954"}],"wp:attachment":[{"href":"https:\/\/www.leceonline.org\/ca\/wp-json\/wp\/v2\/media?parent=4959"}],"wp:term":[{"taxonomy":"category","embeddable":true,"href":"https:\/\/www.leceonline.org\/ca\/wp-json\/wp\/v2\/categories?post=4959"},{"taxonomy":"post_tag","embeddable":true,"href":"https:\/\/www.leceonline.org\/ca\/wp-json\/wp\/v2\/tags?post=4959"}],"curies":[{"name":"wp","href":"https:\/\/api.w.org\/{rel}","templated":true}]}}