{"id":5345,"date":"2023-10-16T14:47:02","date_gmt":"2023-10-16T14:47:02","guid":{"rendered":"https:\/\/www.leceonline.org\/jornada-sobre-el-mercado-unico-de-la-energia-en-la-ue\/"},"modified":"2023-10-16T14:51:27","modified_gmt":"2023-10-16T14:51:27","slug":"jornada-sobre-el-mercado-unico-de-la-energia-en-la-ue","status":"publish","type":"post","link":"https:\/\/www.leceonline.org\/ca\/jornada-sobre-el-mercado-unico-de-la-energia-en-la-ue\/","title":{"rendered":"Jornada sobre el Mercado \u00danico de la Energ\u00eda en la UE"},"content":{"rendered":"<p>El Mercat \u00danic de l\u00b4Energia a la Uni\u00f3 Europea ser\u00e0 el tema de la Jornada d\u00b4Energia que celebrarem el proper dia 16 de novembre a l\u00b4Escola T\u00e8cnica Superior d\u00b4Enginyers de Mines i Energia de Madrid. L\u00b4acte l\u00b4organitza el Comit\u00e8 Central de la LECE, en col\u00b7laboraci\u00f3 amb el Comit\u00e8 Espanyol de la LECE.<\/p>\n<p>En <a href=\"http:\/\/www.leceonline.org\/custom\/uploads\/2023\/10\/Evento-Energia-LECE-Noviembre-2023-1.pdf\">aquest enlla\u00e7<\/a> podeu accedir al Programa provisional de la Jornada<\/p>\n<p>DIA: 16\/11\/2023<br \/>\nHORA: De 9.00 a 14.00 h<br \/>\nLLOC: Escola T\u00e8cnica Superior d&#8217;Enginyers de Mines i Energia (ETSIME)<br \/>\nCarrer de Rios Rosas, 21 Madrid<br \/>\nORGANITZA: Comit\u00e8 Central de la LLECE, en col\u00b7laboraci\u00f3 amb el Comit\u00e8 Espanyol de la LLECE. Hi col\u00b7laboren l&#8217;Associaci\u00f3 Espanyola de Petits Productors d&#8217;Energies Renovables (APPA) i ENTIBA Energy. Patrocinen: Naturgy, Deloitte, CaixaBank, Carburos Met\u00e1licos Air Products i BBVA<\/p>\n","protected":false},"excerpt":{"rendered":"<p>El Comit\u00e8 Central de la LECE, en col\u00b7laboraci\u00f3 amb el Comit\u00e8 Espanyol de la LECE, organitzen una Jornada sobre Energia amb representants europeus.<\/p>\n","protected":false},"author":1,"featured_media":5337,"comment_status":"open","ping_status":"open","sticky":false,"template":"","format":"standard","meta":{"_acf_changed":false,"footnotes":""},"categories":[34,2],"tags":[],"class_list":["post-5345","post","type-post","status-publish","format-standard","has-post-thumbnail","hentry","category-jornades-ca","category-noticies-ca"],"acf":[],"yoast_head":"<!-- This site is optimized with the Yoast SEO plugin v25.9 - https:\/\/yoast.com\/wordpress\/plugins\/seo\/ -->\n<title>Jornada sobre el Mercado \u00danico de la Energ\u00eda en la UE - Lece Online<\/title>\n<meta name=\"description\" content=\"El Comit\u00e8 Central de la LECE, en col\u00b7laboraci\u00f3 amb el Comit\u00e8 Espanyol de la LECE, organitzen una Jornada sobre Energia amb representants europeus.\" \/>\n<meta name=\"robots\" content=\"index, follow, max-snippet:-1, max-image-preview:large, max-video-preview:-1\" \/>\n<link rel=\"canonical\" href=\"https:\/\/www.leceonline.org\/ca\/jornada-sobre-el-mercado-unico-de-la-energia-en-la-ue\/\" \/>\n<meta property=\"og:locale\" content=\"ca_ES\" \/>\n<meta property=\"og:type\" content=\"article\" \/>\n<meta property=\"og:title\" content=\"Jornada sobre el Mercado \u00danico de la Energ\u00eda en la UE - Lece Online\" \/>\n<meta property=\"og:description\" content=\"El Comit\u00e8 Central de la LECE, en col\u00b7laboraci\u00f3 amb el Comit\u00e8 Espanyol de la LECE, organitzen una Jornada sobre Energia amb representants europeus.\" \/>\n<meta property=\"og:url\" content=\"https:\/\/www.leceonline.org\/ca\/jornada-sobre-el-mercado-unico-de-la-energia-en-la-ue\/\" \/>\n<meta property=\"og:site_name\" content=\"Lece Online\" \/>\n<meta property=\"article:published_time\" content=\"2023-10-16T14:47:02+00:00\" \/>\n<meta property=\"article:modified_time\" content=\"2023-10-16T14:51:27+00:00\" \/>\n<meta property=\"og:image\" content=\"http:\/\/www.leceonline.org\/custom\/uploads\/2023\/10\/energy-saving-7464555_640.jpg\" \/>\n\t<meta property=\"og:image:width\" content=\"640\" \/>\n\t<meta property=\"og:image:height\" content=\"427\" \/>\n\t<meta property=\"og:image:type\" content=\"image\/jpeg\" \/>\n<meta name=\"author\" content=\"leceonline\" \/>\n<meta name=\"twitter:card\" content=\"summary_large_image\" \/>\n<meta name=\"twitter:label1\" content=\"Escrit per\" \/>\n\t<meta name=\"twitter:data1\" content=\"leceonline\" \/>\n\t<meta name=\"twitter:label2\" content=\"Temps estimat de lectura\" \/>\n\t<meta name=\"twitter:data2\" content=\"1 minut\" \/>\n<script type=\"application\/ld+json\" class=\"yoast-schema-graph\">{\"@context\":\"https:\/\/schema.org\",\"@graph\":[{\"@type\":\"WebPage\",\"@id\":\"https:\/\/www.leceonline.org\/ca\/jornada-sobre-el-mercado-unico-de-la-energia-en-la-ue\/\",\"url\":\"https:\/\/www.leceonline.org\/ca\/jornada-sobre-el-mercado-unico-de-la-energia-en-la-ue\/\",\"name\":\"Jornada sobre el Mercado \u00danico de la Energ\u00eda en la UE - Lece Online\",\"isPartOf\":{\"@id\":\"https:\/\/www.leceonline.org\/#website\"},\"primaryImageOfPage\":{\"@id\":\"https:\/\/www.leceonline.org\/ca\/jornada-sobre-el-mercado-unico-de-la-energia-en-la-ue\/#primaryimage\"},\"image\":{\"@id\":\"https:\/\/www.leceonline.org\/ca\/jornada-sobre-el-mercado-unico-de-la-energia-en-la-ue\/#primaryimage\"},\"thumbnailUrl\":\"https:\/\/www.leceonline.org\/custom\/uploads\/2023\/10\/energy-saving-7464555_640.jpg\",\"datePublished\":\"2023-10-16T14:47:02+00:00\",\"dateModified\":\"2023-10-16T14:51:27+00:00\",\"author\":{\"@id\":\"https:\/\/www.leceonline.org\/#\/schema\/person\/97715c9d9f0168f7d8a020b912b04e9b\"},\"description\":\"El Comit\u00e8 Central de la LECE, en col\u00b7laboraci\u00f3 amb el Comit\u00e8 Espanyol de la LECE, organitzen una Jornada sobre Energia amb representants europeus.\",\"breadcrumb\":{\"@id\":\"https:\/\/www.leceonline.org\/ca\/jornada-sobre-el-mercado-unico-de-la-energia-en-la-ue\/#breadcrumb\"},\"inLanguage\":\"ca\",\"potentialAction\":[{\"@type\":\"ReadAction\",\"target\":[\"https:\/\/www.leceonline.org\/ca\/jornada-sobre-el-mercado-unico-de-la-energia-en-la-ue\/\"]}]},{\"@type\":\"ImageObject\",\"inLanguage\":\"ca\",\"@id\":\"https:\/\/www.leceonline.org\/ca\/jornada-sobre-el-mercado-unico-de-la-energia-en-la-ue\/#primaryimage\",\"url\":\"https:\/\/www.leceonline.org\/custom\/uploads\/2023\/10\/energy-saving-7464555_640.jpg\",\"contentUrl\":\"https:\/\/www.leceonline.org\/custom\/uploads\/2023\/10\/energy-saving-7464555_640.jpg\",\"width\":640,\"height\":427},{\"@type\":\"BreadcrumbList\",\"@id\":\"https:\/\/www.leceonline.org\/ca\/jornada-sobre-el-mercado-unico-de-la-energia-en-la-ue\/#breadcrumb\",\"itemListElement\":[{\"@type\":\"ListItem\",\"position\":1,\"name\":\"Portada\",\"item\":\"https:\/\/www.leceonline.org\/ca\/\"},{\"@type\":\"ListItem\",\"position\":2,\"name\":\"Jornada sobre el Mercado \u00danico de la Energ\u00eda en la UE\"}]},{\"@type\":\"WebSite\",\"@id\":\"https:\/\/www.leceonline.org\/#website\",\"url\":\"https:\/\/www.leceonline.org\/\",\"name\":\"Lece Online\",\"description\":\"Comit\u00e9 Espa\u00f1ol de la Liga Europea de Cooperaci\u00f3n Econ\u00f3mica (LECE)\",\"potentialAction\":[{\"@type\":\"SearchAction\",\"target\":{\"@type\":\"EntryPoint\",\"urlTemplate\":\"https:\/\/www.leceonline.org\/?s={search_term_string}\"},\"query-input\":{\"@type\":\"PropertyValueSpecification\",\"valueRequired\":true,\"valueName\":\"search_term_string\"}}],\"inLanguage\":\"ca\"},{\"@type\":\"Person\",\"@id\":\"https:\/\/www.leceonline.org\/#\/schema\/person\/97715c9d9f0168f7d8a020b912b04e9b\",\"name\":\"leceonline\",\"image\":{\"@type\":\"ImageObject\",\"inLanguage\":\"ca\",\"@id\":\"https:\/\/www.leceonline.org\/#\/schema\/person\/image\/\",\"url\":\"https:\/\/secure.gravatar.com\/avatar\/af029eeaee171717243ada7857dec35925251d9d883cadc1e4fb3c8d1283bd19?s=96&d=mm&r=g\",\"contentUrl\":\"https:\/\/secure.gravatar.com\/avatar\/af029eeaee171717243ada7857dec35925251d9d883cadc1e4fb3c8d1283bd19?s=96&d=mm&r=g\",\"caption\":\"leceonline\"}}]}<\/script>\n<!-- \/ Yoast SEO plugin. -->","yoast_head_json":{"title":"Jornada sobre el Mercado \u00danico de la Energ\u00eda en la UE - Lece Online","description":"El Comit\u00e8 Central de la LECE, en col\u00b7laboraci\u00f3 amb el Comit\u00e8 Espanyol de la LECE, organitzen una Jornada sobre Energia amb representants europeus.","robots":{"index":"index","follow":"follow","max-snippet":"max-snippet:-1","max-image-preview":"max-image-preview:large","max-video-preview":"max-video-preview:-1"},"canonical":"https:\/\/www.leceonline.org\/ca\/jornada-sobre-el-mercado-unico-de-la-energia-en-la-ue\/","og_locale":"ca_ES","og_type":"article","og_title":"Jornada sobre el Mercado \u00danico de la Energ\u00eda en la UE - Lece Online","og_description":"El Comit\u00e8 Central de la LECE, en col\u00b7laboraci\u00f3 amb el Comit\u00e8 Espanyol de la LECE, organitzen una Jornada sobre Energia amb representants europeus.","og_url":"https:\/\/www.leceonline.org\/ca\/jornada-sobre-el-mercado-unico-de-la-energia-en-la-ue\/","og_site_name":"Lece Online","article_published_time":"2023-10-16T14:47:02+00:00","article_modified_time":"2023-10-16T14:51:27+00:00","og_image":[{"width":640,"height":427,"url":"http:\/\/www.leceonline.org\/custom\/uploads\/2023\/10\/energy-saving-7464555_640.jpg","type":"image\/jpeg"}],"author":"leceonline","twitter_card":"summary_large_image","twitter_misc":{"Escrit per":"leceonline","Temps estimat de lectura":"1 minut"},"schema":{"@context":"https:\/\/schema.org","@graph":[{"@type":"WebPage","@id":"https:\/\/www.leceonline.org\/ca\/jornada-sobre-el-mercado-unico-de-la-energia-en-la-ue\/","url":"https:\/\/www.leceonline.org\/ca\/jornada-sobre-el-mercado-unico-de-la-energia-en-la-ue\/","name":"Jornada sobre el Mercado \u00danico de la Energ\u00eda en la UE - Lece Online","isPartOf":{"@id":"https:\/\/www.leceonline.org\/#website"},"primaryImageOfPage":{"@id":"https:\/\/www.leceonline.org\/ca\/jornada-sobre-el-mercado-unico-de-la-energia-en-la-ue\/#primaryimage"},"image":{"@id":"https:\/\/www.leceonline.org\/ca\/jornada-sobre-el-mercado-unico-de-la-energia-en-la-ue\/#primaryimage"},"thumbnailUrl":"https:\/\/www.leceonline.org\/custom\/uploads\/2023\/10\/energy-saving-7464555_640.jpg","datePublished":"2023-10-16T14:47:02+00:00","dateModified":"2023-10-16T14:51:27+00:00","author":{"@id":"https:\/\/www.leceonline.org\/#\/schema\/person\/97715c9d9f0168f7d8a020b912b04e9b"},"description":"El Comit\u00e8 Central de la LECE, en col\u00b7laboraci\u00f3 amb el Comit\u00e8 Espanyol de la LECE, organitzen una Jornada sobre Energia amb representants europeus.","breadcrumb":{"@id":"https:\/\/www.leceonline.org\/ca\/jornada-sobre-el-mercado-unico-de-la-energia-en-la-ue\/#breadcrumb"},"inLanguage":"ca","potentialAction":[{"@type":"ReadAction","target":["https:\/\/www.leceonline.org\/ca\/jornada-sobre-el-mercado-unico-de-la-energia-en-la-ue\/"]}]},{"@type":"ImageObject","inLanguage":"ca","@id":"https:\/\/www.leceonline.org\/ca\/jornada-sobre-el-mercado-unico-de-la-energia-en-la-ue\/#primaryimage","url":"https:\/\/www.leceonline.org\/custom\/uploads\/2023\/10\/energy-saving-7464555_640.jpg","contentUrl":"https:\/\/www.leceonline.org\/custom\/uploads\/2023\/10\/energy-saving-7464555_640.jpg","width":640,"height":427},{"@type":"BreadcrumbList","@id":"https:\/\/www.leceonline.org\/ca\/jornada-sobre-el-mercado-unico-de-la-energia-en-la-ue\/#breadcrumb","itemListElement":[{"@type":"ListItem","position":1,"name":"Portada","item":"https:\/\/www.leceonline.org\/ca\/"},{"@type":"ListItem","position":2,"name":"Jornada sobre el Mercado \u00danico de la Energ\u00eda en la UE"}]},{"@type":"WebSite","@id":"https:\/\/www.leceonline.org\/#website","url":"https:\/\/www.leceonline.org\/","name":"Lece Online","description":"Comit\u00e9 Espa\u00f1ol de la Liga Europea de Cooperaci\u00f3n Econ\u00f3mica (LECE)","potentialAction":[{"@type":"SearchAction","target":{"@type":"EntryPoint","urlTemplate":"https:\/\/www.leceonline.org\/?s={search_term_string}"},"query-input":{"@type":"PropertyValueSpecification","valueRequired":true,"valueName":"search_term_string"}}],"inLanguage":"ca"},{"@type":"Person","@id":"https:\/\/www.leceonline.org\/#\/schema\/person\/97715c9d9f0168f7d8a020b912b04e9b","name":"leceonline","image":{"@type":"ImageObject","inLanguage":"ca","@id":"https:\/\/www.leceonline.org\/#\/schema\/person\/image\/","url":"https:\/\/secure.gravatar.com\/avatar\/af029eeaee171717243ada7857dec35925251d9d883cadc1e4fb3c8d1283bd19?s=96&d=mm&r=g","contentUrl":"https:\/\/secure.gravatar.com\/avatar\/af029eeaee171717243ada7857dec35925251d9d883cadc1e4fb3c8d1283bd19?s=96&d=mm&r=g","caption":"leceonline"}}]}},"_links":{"self":[{"href":"https:\/\/www.leceonline.org\/ca\/wp-json\/wp\/v2\/posts\/5345","targetHints":{"allow":["GET"]}}],"collection":[{"href":"https:\/\/www.leceonline.org\/ca\/wp-json\/wp\/v2\/posts"}],"about":[{"href":"https:\/\/www.leceonline.org\/ca\/wp-json\/wp\/v2\/types\/post"}],"author":[{"embeddable":true,"href":"https:\/\/www.leceonline.org\/ca\/wp-json\/wp\/v2\/users\/1"}],"replies":[{"embeddable":true,"href":"https:\/\/www.leceonline.org\/ca\/wp-json\/wp\/v2\/comments?post=5345"}],"version-history":[{"count":0,"href":"https:\/\/www.leceonline.org\/ca\/wp-json\/wp\/v2\/posts\/5345\/revisions"}],"wp:featuredmedia":[{"embeddable":true,"href":"https:\/\/www.leceonline.org\/ca\/wp-json\/wp\/v2\/media\/5337"}],"wp:attachment":[{"href":"https:\/\/www.leceonline.org\/ca\/wp-json\/wp\/v2\/media?parent=5345"}],"wp:term":[{"taxonomy":"category","embeddable":true,"href":"https:\/\/www.leceonline.org\/ca\/wp-json\/wp\/v2\/categories?post=5345"},{"taxonomy":"post_tag","embeddable":true,"href":"https:\/\/www.leceonline.org\/ca\/wp-json\/wp\/v2\/tags?post=5345"}],"curies":[{"name":"wp","href":"https:\/\/api.w.org\/{rel}","templated":true}]}}