{"id":5478,"date":"2024-02-20T14:30:34","date_gmt":"2024-02-20T14:30:34","guid":{"rendered":"https:\/\/www.leceonline.org\/el-pacto-verde-europeo-se-ha-acelerado-y-consolidado\/"},"modified":"2024-02-20T14:35:58","modified_gmt":"2024-02-20T14:35:58","slug":"el-pacto-verde-europeo-se-ha-acelerado-y-consolidado","status":"publish","type":"post","link":"https:\/\/www.leceonline.org\/ca\/el-pacto-verde-europeo-se-ha-acelerado-y-consolidado\/","title":{"rendered":"El Pacto Verde Europeo se ha acelerado y consolidado"},"content":{"rendered":"<p>La Uni\u00f3n Europea ha adoptado y acelerado la Agenda Verde. Ese era uno de los ejes del programa de la presidenta de la Comisi\u00f3n Europea, cuando fue elegida, en 2019. Las circunstancias han acelerado la adopci\u00f3n de ese Pacto Verde. El COVID-19 y la invasi\u00f3n rusa en Ucrania han sido catalizadores.<\/p>\n<p>El diputado y miembro de la Comisi\u00f3n de Medio Ambiente, Salud P\u00fablica y Seguridad Alimentaria del Parlamento Europeo, Javier L\u00f3pez, expuso la realidad actual del Pacto Verde Europeo en el Almuerzo-Coloquio del Comit\u00e9 Espa\u00f1ol de la LECE celebrado en Barcelona el pasado 16 de febrero.<\/p>\n<p>La post-pandemia y los Fondos de Recuperaci\u00f3n europeos resultantes han generado que un 30% de esas presupuestos en la UE se destinen a la Agenda Verde. En Espa\u00f1a es del 40%. La invasi\u00f3n rusa en Ucrania ha obligado a trabajar muy fuerte contra la dependencia de fuentes de energ\u00eda externas.<\/p>\n<blockquote><p>Ante EE.UU. y China, Europa regula<\/p><\/blockquote>\n<p>A partir de aqu\u00ed, Javier L\u00f3pez record\u00f3 que el pacto suma hacia una na estrategia de crecimiento econ\u00f3mico con costes equitativos para una transici\u00f3n justa. Los \u00e1mbitos de acci\u00f3n son el clima, la biodiversidad y la poluci\u00f3n.<\/p>\n<p>A nivel del clima, se quiere descarbonizar desde la industria, la vivienda, la energ\u00eda y la movilidad. Desde la biodiversidad, se quiere protegerla para potenciar la absorci\u00f3n de CO2. La poluci\u00f3n se integra en medidas para proteger el aire. Todo ello suma hacia u<\/p>\n<p>En ese entorno, la Uni\u00f3n Europea regula, mientras que los Estados Unidos lo potencia con subvenciones y China lo activa desde el propio sistema estatal.<\/p>\n<p>Javier L\u00f3pez concret\u00f3, de ese Pacto Verde, aspectos de la Directiva de Envases. Dicha norma se cerrar\u00e1 pr\u00f3ximamente. El objetivo es que en 2030 todos los envases sean reutilizables. Ese a\u00f1o, el 5% deben haberse reducido, por el 15% en 2040. El detalle puede consultarse <a href=\"https:\/\/www.consilium.europa.eu\/es\/policies\/packaging\/\">en este espacio de informaci\u00f3n b\u00e1sica<\/a> del Consejo de la Uni\u00f3n Europea.<\/p>\n<p>En el debate posterior, los miembros del Comit\u00e9 Espa\u00f1ol de la LECE pudieron departir con el invitado distintos aspectos sobre la actualidad de la Uni\u00f3n Europea. El acto fue presentado por el Presidente del Comit\u00e9, Francesc Homs i Ferret.<\/p>\n","protected":false},"excerpt":{"rendered":"<p>La Agenda Verde de la UE como  crecimiento econ\u00f3mico y de competitividad. El Eurodiputado Javier L\u00f3pez lo explic\u00f3 en el \u00faltimo Almuerzo-Coloquio LECE.<\/p>\n","protected":false},"author":1,"featured_media":5475,"comment_status":"open","ping_status":"open","sticky":false,"template":"","format":"standard","meta":{"_acf_changed":false,"footnotes":""},"categories":[38],"tags":[],"class_list":["post-5478","post","type-post","status-publish","format-standard","has-post-thumbnail","hentry","category-dinars-colloqui-ca"],"acf":[],"yoast_head":"<!-- This site is optimized with the Yoast SEO plugin v25.9 - https:\/\/yoast.com\/wordpress\/plugins\/seo\/ -->\n<title>El Pacto Verde Europeo se ha acelerado y consolidado - Lece Online<\/title>\n<meta name=\"description\" content=\"La Agenda Verde de la UE como crecimiento econ\u00f3mico y de competitividad. El Eurodiputado Javier L\u00f3pez lo explic\u00f3 en el \u00faltimo Almuerzo-Coloquio LECE.\" \/>\n<meta name=\"robots\" content=\"index, follow, max-snippet:-1, max-image-preview:large, max-video-preview:-1\" \/>\n<link rel=\"canonical\" href=\"https:\/\/www.leceonline.org\/ca\/el-pacto-verde-europeo-se-ha-acelerado-y-consolidado\/\" \/>\n<meta property=\"og:locale\" content=\"ca_ES\" \/>\n<meta property=\"og:type\" content=\"article\" \/>\n<meta property=\"og:title\" content=\"El Pacto Verde Europeo se ha acelerado y consolidado - Lece Online\" \/>\n<meta property=\"og:description\" content=\"La Agenda Verde de la UE como crecimiento econ\u00f3mico y de competitividad. El Eurodiputado Javier L\u00f3pez lo explic\u00f3 en el \u00faltimo Almuerzo-Coloquio LECE.\" \/>\n<meta property=\"og:url\" content=\"https:\/\/www.leceonline.org\/ca\/el-pacto-verde-europeo-se-ha-acelerado-y-consolidado\/\" \/>\n<meta property=\"og:site_name\" content=\"Lece Online\" \/>\n<meta property=\"article:published_time\" content=\"2024-02-20T14:30:34+00:00\" \/>\n<meta property=\"article:modified_time\" content=\"2024-02-20T14:35:58+00:00\" \/>\n<meta property=\"og:image\" content=\"http:\/\/www.leceonline.org\/custom\/uploads\/2024\/02\/foto3.jpeg\" \/>\n\t<meta property=\"og:image:width\" content=\"2048\" \/>\n\t<meta property=\"og:image:height\" content=\"1536\" \/>\n\t<meta property=\"og:image:type\" content=\"image\/jpeg\" \/>\n<meta name=\"author\" content=\"leceonline\" \/>\n<meta name=\"twitter:card\" content=\"summary_large_image\" \/>\n<meta name=\"twitter:label1\" content=\"Escrit per\" \/>\n\t<meta name=\"twitter:data1\" content=\"leceonline\" \/>\n\t<meta name=\"twitter:label2\" content=\"Temps estimat de lectura\" \/>\n\t<meta name=\"twitter:data2\" content=\"2 minuts\" \/>\n<script type=\"application\/ld+json\" class=\"yoast-schema-graph\">{\"@context\":\"https:\/\/schema.org\",\"@graph\":[{\"@type\":\"WebPage\",\"@id\":\"https:\/\/www.leceonline.org\/ca\/el-pacto-verde-europeo-se-ha-acelerado-y-consolidado\/\",\"url\":\"https:\/\/www.leceonline.org\/ca\/el-pacto-verde-europeo-se-ha-acelerado-y-consolidado\/\",\"name\":\"El Pacto Verde Europeo se ha acelerado y consolidado - Lece Online\",\"isPartOf\":{\"@id\":\"https:\/\/www.leceonline.org\/#website\"},\"primaryImageOfPage\":{\"@id\":\"https:\/\/www.leceonline.org\/ca\/el-pacto-verde-europeo-se-ha-acelerado-y-consolidado\/#primaryimage\"},\"image\":{\"@id\":\"https:\/\/www.leceonline.org\/ca\/el-pacto-verde-europeo-se-ha-acelerado-y-consolidado\/#primaryimage\"},\"thumbnailUrl\":\"https:\/\/www.leceonline.org\/custom\/uploads\/2024\/02\/foto3.jpeg\",\"datePublished\":\"2024-02-20T14:30:34+00:00\",\"dateModified\":\"2024-02-20T14:35:58+00:00\",\"author\":{\"@id\":\"https:\/\/www.leceonline.org\/#\/schema\/person\/97715c9d9f0168f7d8a020b912b04e9b\"},\"description\":\"La Agenda Verde de la UE como crecimiento econ\u00f3mico y de competitividad. El Eurodiputado Javier L\u00f3pez lo explic\u00f3 en el \u00faltimo Almuerzo-Coloquio LECE.\",\"breadcrumb\":{\"@id\":\"https:\/\/www.leceonline.org\/ca\/el-pacto-verde-europeo-se-ha-acelerado-y-consolidado\/#breadcrumb\"},\"inLanguage\":\"ca\",\"potentialAction\":[{\"@type\":\"ReadAction\",\"target\":[\"https:\/\/www.leceonline.org\/ca\/el-pacto-verde-europeo-se-ha-acelerado-y-consolidado\/\"]}]},{\"@type\":\"ImageObject\",\"inLanguage\":\"ca\",\"@id\":\"https:\/\/www.leceonline.org\/ca\/el-pacto-verde-europeo-se-ha-acelerado-y-consolidado\/#primaryimage\",\"url\":\"https:\/\/www.leceonline.org\/custom\/uploads\/2024\/02\/foto3.jpeg\",\"contentUrl\":\"https:\/\/www.leceonline.org\/custom\/uploads\/2024\/02\/foto3.jpeg\",\"width\":2048,\"height\":1536},{\"@type\":\"BreadcrumbList\",\"@id\":\"https:\/\/www.leceonline.org\/ca\/el-pacto-verde-europeo-se-ha-acelerado-y-consolidado\/#breadcrumb\",\"itemListElement\":[{\"@type\":\"ListItem\",\"position\":1,\"name\":\"Portada\",\"item\":\"https:\/\/www.leceonline.org\/ca\/\"},{\"@type\":\"ListItem\",\"position\":2,\"name\":\"El Pacto Verde Europeo se ha acelerado y consolidado\"}]},{\"@type\":\"WebSite\",\"@id\":\"https:\/\/www.leceonline.org\/#website\",\"url\":\"https:\/\/www.leceonline.org\/\",\"name\":\"Lece Online\",\"description\":\"Comit\u00e9 Espa\u00f1ol de la Liga Europea de Cooperaci\u00f3n Econ\u00f3mica (LECE)\",\"potentialAction\":[{\"@type\":\"SearchAction\",\"target\":{\"@type\":\"EntryPoint\",\"urlTemplate\":\"https:\/\/www.leceonline.org\/?s={search_term_string}\"},\"query-input\":{\"@type\":\"PropertyValueSpecification\",\"valueRequired\":true,\"valueName\":\"search_term_string\"}}],\"inLanguage\":\"ca\"},{\"@type\":\"Person\",\"@id\":\"https:\/\/www.leceonline.org\/#\/schema\/person\/97715c9d9f0168f7d8a020b912b04e9b\",\"name\":\"leceonline\",\"image\":{\"@type\":\"ImageObject\",\"inLanguage\":\"ca\",\"@id\":\"https:\/\/www.leceonline.org\/#\/schema\/person\/image\/\",\"url\":\"https:\/\/secure.gravatar.com\/avatar\/af029eeaee171717243ada7857dec35925251d9d883cadc1e4fb3c8d1283bd19?s=96&d=mm&r=g\",\"contentUrl\":\"https:\/\/secure.gravatar.com\/avatar\/af029eeaee171717243ada7857dec35925251d9d883cadc1e4fb3c8d1283bd19?s=96&d=mm&r=g\",\"caption\":\"leceonline\"}}]}<\/script>\n<!-- \/ Yoast SEO plugin. -->","yoast_head_json":{"title":"El Pacto Verde Europeo se ha acelerado y consolidado - Lece Online","description":"La Agenda Verde de la UE como crecimiento econ\u00f3mico y de competitividad. El Eurodiputado Javier L\u00f3pez lo explic\u00f3 en el \u00faltimo Almuerzo-Coloquio LECE.","robots":{"index":"index","follow":"follow","max-snippet":"max-snippet:-1","max-image-preview":"max-image-preview:large","max-video-preview":"max-video-preview:-1"},"canonical":"https:\/\/www.leceonline.org\/ca\/el-pacto-verde-europeo-se-ha-acelerado-y-consolidado\/","og_locale":"ca_ES","og_type":"article","og_title":"El Pacto Verde Europeo se ha acelerado y consolidado - Lece Online","og_description":"La Agenda Verde de la UE como crecimiento econ\u00f3mico y de competitividad. El Eurodiputado Javier L\u00f3pez lo explic\u00f3 en el \u00faltimo Almuerzo-Coloquio LECE.","og_url":"https:\/\/www.leceonline.org\/ca\/el-pacto-verde-europeo-se-ha-acelerado-y-consolidado\/","og_site_name":"Lece Online","article_published_time":"2024-02-20T14:30:34+00:00","article_modified_time":"2024-02-20T14:35:58+00:00","og_image":[{"width":2048,"height":1536,"url":"http:\/\/www.leceonline.org\/custom\/uploads\/2024\/02\/foto3.jpeg","type":"image\/jpeg"}],"author":"leceonline","twitter_card":"summary_large_image","twitter_misc":{"Escrit per":"leceonline","Temps estimat de lectura":"2 minuts"},"schema":{"@context":"https:\/\/schema.org","@graph":[{"@type":"WebPage","@id":"https:\/\/www.leceonline.org\/ca\/el-pacto-verde-europeo-se-ha-acelerado-y-consolidado\/","url":"https:\/\/www.leceonline.org\/ca\/el-pacto-verde-europeo-se-ha-acelerado-y-consolidado\/","name":"El Pacto Verde Europeo se ha acelerado y consolidado - Lece Online","isPartOf":{"@id":"https:\/\/www.leceonline.org\/#website"},"primaryImageOfPage":{"@id":"https:\/\/www.leceonline.org\/ca\/el-pacto-verde-europeo-se-ha-acelerado-y-consolidado\/#primaryimage"},"image":{"@id":"https:\/\/www.leceonline.org\/ca\/el-pacto-verde-europeo-se-ha-acelerado-y-consolidado\/#primaryimage"},"thumbnailUrl":"https:\/\/www.leceonline.org\/custom\/uploads\/2024\/02\/foto3.jpeg","datePublished":"2024-02-20T14:30:34+00:00","dateModified":"2024-02-20T14:35:58+00:00","author":{"@id":"https:\/\/www.leceonline.org\/#\/schema\/person\/97715c9d9f0168f7d8a020b912b04e9b"},"description":"La Agenda Verde de la UE como crecimiento econ\u00f3mico y de competitividad. El Eurodiputado Javier L\u00f3pez lo explic\u00f3 en el \u00faltimo Almuerzo-Coloquio LECE.","breadcrumb":{"@id":"https:\/\/www.leceonline.org\/ca\/el-pacto-verde-europeo-se-ha-acelerado-y-consolidado\/#breadcrumb"},"inLanguage":"ca","potentialAction":[{"@type":"ReadAction","target":["https:\/\/www.leceonline.org\/ca\/el-pacto-verde-europeo-se-ha-acelerado-y-consolidado\/"]}]},{"@type":"ImageObject","inLanguage":"ca","@id":"https:\/\/www.leceonline.org\/ca\/el-pacto-verde-europeo-se-ha-acelerado-y-consolidado\/#primaryimage","url":"https:\/\/www.leceonline.org\/custom\/uploads\/2024\/02\/foto3.jpeg","contentUrl":"https:\/\/www.leceonline.org\/custom\/uploads\/2024\/02\/foto3.jpeg","width":2048,"height":1536},{"@type":"BreadcrumbList","@id":"https:\/\/www.leceonline.org\/ca\/el-pacto-verde-europeo-se-ha-acelerado-y-consolidado\/#breadcrumb","itemListElement":[{"@type":"ListItem","position":1,"name":"Portada","item":"https:\/\/www.leceonline.org\/ca\/"},{"@type":"ListItem","position":2,"name":"El Pacto Verde Europeo se ha acelerado y consolidado"}]},{"@type":"WebSite","@id":"https:\/\/www.leceonline.org\/#website","url":"https:\/\/www.leceonline.org\/","name":"Lece Online","description":"Comit\u00e9 Espa\u00f1ol de la Liga Europea de Cooperaci\u00f3n Econ\u00f3mica (LECE)","potentialAction":[{"@type":"SearchAction","target":{"@type":"EntryPoint","urlTemplate":"https:\/\/www.leceonline.org\/?s={search_term_string}"},"query-input":{"@type":"PropertyValueSpecification","valueRequired":true,"valueName":"search_term_string"}}],"inLanguage":"ca"},{"@type":"Person","@id":"https:\/\/www.leceonline.org\/#\/schema\/person\/97715c9d9f0168f7d8a020b912b04e9b","name":"leceonline","image":{"@type":"ImageObject","inLanguage":"ca","@id":"https:\/\/www.leceonline.org\/#\/schema\/person\/image\/","url":"https:\/\/secure.gravatar.com\/avatar\/af029eeaee171717243ada7857dec35925251d9d883cadc1e4fb3c8d1283bd19?s=96&d=mm&r=g","contentUrl":"https:\/\/secure.gravatar.com\/avatar\/af029eeaee171717243ada7857dec35925251d9d883cadc1e4fb3c8d1283bd19?s=96&d=mm&r=g","caption":"leceonline"}}]}},"_links":{"self":[{"href":"https:\/\/www.leceonline.org\/ca\/wp-json\/wp\/v2\/posts\/5478","targetHints":{"allow":["GET"]}}],"collection":[{"href":"https:\/\/www.leceonline.org\/ca\/wp-json\/wp\/v2\/posts"}],"about":[{"href":"https:\/\/www.leceonline.org\/ca\/wp-json\/wp\/v2\/types\/post"}],"author":[{"embeddable":true,"href":"https:\/\/www.leceonline.org\/ca\/wp-json\/wp\/v2\/users\/1"}],"replies":[{"embeddable":true,"href":"https:\/\/www.leceonline.org\/ca\/wp-json\/wp\/v2\/comments?post=5478"}],"version-history":[{"count":0,"href":"https:\/\/www.leceonline.org\/ca\/wp-json\/wp\/v2\/posts\/5478\/revisions"}],"wp:featuredmedia":[{"embeddable":true,"href":"https:\/\/www.leceonline.org\/ca\/wp-json\/wp\/v2\/media\/5475"}],"wp:attachment":[{"href":"https:\/\/www.leceonline.org\/ca\/wp-json\/wp\/v2\/media?parent=5478"}],"wp:term":[{"taxonomy":"category","embeddable":true,"href":"https:\/\/www.leceonline.org\/ca\/wp-json\/wp\/v2\/categories?post=5478"},{"taxonomy":"post_tag","embeddable":true,"href":"https:\/\/www.leceonline.org\/ca\/wp-json\/wp\/v2\/tags?post=5478"}],"curies":[{"name":"wp","href":"https:\/\/api.w.org\/{rel}","templated":true}]}}