{"id":1867,"date":"2016-06-29T11:35:28","date_gmt":"2016-06-29T11:35:28","guid":{"rendered":"http:\/\/www.leceonline.org\/angela-merkel-afirma-que-el-brexit-es-una-decision-irreversible-matthew-karnitschnig-politico-28-de-junio-de-2016\/"},"modified":"2017-11-07T09:50:51","modified_gmt":"2017-11-07T09:50:51","slug":"angela-merkel-afirma-que-el-brexit-es-una-decision-irreversible-matthew-karnitschnig-politico-28-de-junio-de-2016","status":"publish","type":"post","link":"https:\/\/www.leceonline.org\/en\/angela-merkel-afirma-que-el-brexit-es-una-decision-irreversible-matthew-karnitschnig-politico-28-de-junio-de-2016\/","title":{"rendered":"&#8220;Angela Merkel afirma que el Brexit es una decisi\u00f3n irreversible&#8221; (Matthew Karnitschnig, Politico, 28 de junio de 2016)"},"content":{"rendered":"<p>Este no es el momento para pensar en otras posibles opciones, confirma la canciller de Alemania, Angela Merkel.<\/p>\n<p><a href=\"http:\/\/www.politico.eu\/article\/angela-merkel-says-brexit-decision-irreversible\/?utm_source=email&amp;utm_medium=alert&amp;utm_campaign=Angela+Merkel+says+Brexit+decision+irreversible\">Ver art\u00edculo aqu\u00ed<\/a><\/p>\n","protected":false},"excerpt":{"rendered":"<p>Este no es el momento para pensar en otras posibles opciones, confirma la canciller de Alemania, Angela Merkel. Ver art\u00edculo aqu\u00ed<\/p>\n","protected":false},"author":1,"featured_media":0,"comment_status":"open","ping_status":"open","sticky":false,"template":"","format":"standard","meta":{"_acf_changed":false,"footnotes":""},"categories":[37],"tags":[],"class_list":["post-1867","post","type-post","status-publish","format-standard","hentry","category-other-activities-en"],"acf":[],"yoast_head":"<!-- This site is optimized with the Yoast SEO plugin v25.9 - https:\/\/yoast.com\/wordpress\/plugins\/seo\/ -->\n<title>&quot;Angela Merkel afirma que el Brexit es una decisi\u00f3n irreversible&quot; (Matthew Karnitschnig, Politico, 28 de junio de 2016) - Lece Online<\/title>\n<meta name=\"robots\" content=\"index, follow, max-snippet:-1, max-image-preview:large, max-video-preview:-1\" \/>\n<link rel=\"canonical\" href=\"https:\/\/www.leceonline.org\/en\/angela-merkel-afirma-que-el-brexit-es-una-decision-irreversible-matthew-karnitschnig-politico-28-de-junio-de-2016\/\" \/>\n<meta property=\"og:locale\" content=\"en_US\" \/>\n<meta property=\"og:type\" content=\"article\" \/>\n<meta property=\"og:title\" content=\"&quot;Angela Merkel afirma que el Brexit es una decisi\u00f3n irreversible&quot; (Matthew Karnitschnig, Politico, 28 de junio de 2016) - Lece Online\" \/>\n<meta property=\"og:description\" content=\"Este no es el momento para pensar en otras posibles opciones, confirma la canciller de Alemania, Angela Merkel. Ver art\u00edculo aqu\u00ed\" \/>\n<meta property=\"og:url\" content=\"https:\/\/www.leceonline.org\/en\/angela-merkel-afirma-que-el-brexit-es-una-decision-irreversible-matthew-karnitschnig-politico-28-de-junio-de-2016\/\" \/>\n<meta property=\"og:site_name\" content=\"Lece Online\" \/>\n<meta property=\"article:published_time\" content=\"2016-06-29T11:35:28+00:00\" \/>\n<meta property=\"article:modified_time\" content=\"2017-11-07T09:50:51+00:00\" \/>\n<meta name=\"author\" content=\"leceonline\" \/>\n<meta name=\"twitter:card\" content=\"summary_large_image\" \/>\n<meta name=\"twitter:label1\" content=\"Written by\" \/>\n\t<meta name=\"twitter:data1\" content=\"leceonline\" \/>\n<script type=\"application\/ld+json\" class=\"yoast-schema-graph\">{\"@context\":\"https:\/\/schema.org\",\"@graph\":[{\"@type\":\"WebPage\",\"@id\":\"https:\/\/www.leceonline.org\/en\/angela-merkel-afirma-que-el-brexit-es-una-decision-irreversible-matthew-karnitschnig-politico-28-de-junio-de-2016\/\",\"url\":\"https:\/\/www.leceonline.org\/en\/angela-merkel-afirma-que-el-brexit-es-una-decision-irreversible-matthew-karnitschnig-politico-28-de-junio-de-2016\/\",\"name\":\"\\\"Angela Merkel afirma que el Brexit es una decisi\u00f3n irreversible\\\" (Matthew Karnitschnig, Politico, 28 de junio de 2016) - Lece Online\",\"isPartOf\":{\"@id\":\"https:\/\/www.leceonline.org\/#website\"},\"datePublished\":\"2016-06-29T11:35:28+00:00\",\"dateModified\":\"2017-11-07T09:50:51+00:00\",\"author\":{\"@id\":\"https:\/\/www.leceonline.org\/#\/schema\/person\/97715c9d9f0168f7d8a020b912b04e9b\"},\"breadcrumb\":{\"@id\":\"https:\/\/www.leceonline.org\/en\/angela-merkel-afirma-que-el-brexit-es-una-decision-irreversible-matthew-karnitschnig-politico-28-de-junio-de-2016\/#breadcrumb\"},\"inLanguage\":\"en-US\",\"potentialAction\":[{\"@type\":\"ReadAction\",\"target\":[\"https:\/\/www.leceonline.org\/en\/angela-merkel-afirma-que-el-brexit-es-una-decision-irreversible-matthew-karnitschnig-politico-28-de-junio-de-2016\/\"]}]},{\"@type\":\"BreadcrumbList\",\"@id\":\"https:\/\/www.leceonline.org\/en\/angela-merkel-afirma-que-el-brexit-es-una-decision-irreversible-matthew-karnitschnig-politico-28-de-junio-de-2016\/#breadcrumb\",\"itemListElement\":[{\"@type\":\"ListItem\",\"position\":1,\"name\":\"Portada\",\"item\":\"https:\/\/www.leceonline.org\/en\/\"},{\"@type\":\"ListItem\",\"position\":2,\"name\":\"&#8220;Angela Merkel afirma que el Brexit es una decisi\u00f3n irreversible&#8221; (Matthew Karnitschnig, Politico, 28 de junio de 2016)\"}]},{\"@type\":\"WebSite\",\"@id\":\"https:\/\/www.leceonline.org\/#website\",\"url\":\"https:\/\/www.leceonline.org\/\",\"name\":\"Lece Online\",\"description\":\"Comit\u00e9 Espa\u00f1ol de la Liga Europea de Cooperaci\u00f3n Econ\u00f3mica (LECE)\",\"potentialAction\":[{\"@type\":\"SearchAction\",\"target\":{\"@type\":\"EntryPoint\",\"urlTemplate\":\"https:\/\/www.leceonline.org\/?s={search_term_string}\"},\"query-input\":{\"@type\":\"PropertyValueSpecification\",\"valueRequired\":true,\"valueName\":\"search_term_string\"}}],\"inLanguage\":\"en-US\"},{\"@type\":\"Person\",\"@id\":\"https:\/\/www.leceonline.org\/#\/schema\/person\/97715c9d9f0168f7d8a020b912b04e9b\",\"name\":\"leceonline\",\"image\":{\"@type\":\"ImageObject\",\"inLanguage\":\"en-US\",\"@id\":\"https:\/\/www.leceonline.org\/#\/schema\/person\/image\/\",\"url\":\"https:\/\/secure.gravatar.com\/avatar\/af029eeaee171717243ada7857dec35925251d9d883cadc1e4fb3c8d1283bd19?s=96&d=mm&r=g\",\"contentUrl\":\"https:\/\/secure.gravatar.com\/avatar\/af029eeaee171717243ada7857dec35925251d9d883cadc1e4fb3c8d1283bd19?s=96&d=mm&r=g\",\"caption\":\"leceonline\"}}]}<\/script>\n<!-- \/ Yoast SEO plugin. -->","yoast_head_json":{"title":"\"Angela Merkel afirma que el Brexit es una decisi\u00f3n irreversible\" (Matthew Karnitschnig, Politico, 28 de junio de 2016) - Lece Online","robots":{"index":"index","follow":"follow","max-snippet":"max-snippet:-1","max-image-preview":"max-image-preview:large","max-video-preview":"max-video-preview:-1"},"canonical":"https:\/\/www.leceonline.org\/en\/angela-merkel-afirma-que-el-brexit-es-una-decision-irreversible-matthew-karnitschnig-politico-28-de-junio-de-2016\/","og_locale":"en_US","og_type":"article","og_title":"\"Angela Merkel afirma que el Brexit es una decisi\u00f3n irreversible\" (Matthew Karnitschnig, Politico, 28 de junio de 2016) - Lece Online","og_description":"Este no es el momento para pensar en otras posibles opciones, confirma la canciller de Alemania, Angela Merkel. Ver art\u00edculo aqu\u00ed","og_url":"https:\/\/www.leceonline.org\/en\/angela-merkel-afirma-que-el-brexit-es-una-decision-irreversible-matthew-karnitschnig-politico-28-de-junio-de-2016\/","og_site_name":"Lece Online","article_published_time":"2016-06-29T11:35:28+00:00","article_modified_time":"2017-11-07T09:50:51+00:00","author":"leceonline","twitter_card":"summary_large_image","twitter_misc":{"Written by":"leceonline"},"schema":{"@context":"https:\/\/schema.org","@graph":[{"@type":"WebPage","@id":"https:\/\/www.leceonline.org\/en\/angela-merkel-afirma-que-el-brexit-es-una-decision-irreversible-matthew-karnitschnig-politico-28-de-junio-de-2016\/","url":"https:\/\/www.leceonline.org\/en\/angela-merkel-afirma-que-el-brexit-es-una-decision-irreversible-matthew-karnitschnig-politico-28-de-junio-de-2016\/","name":"\"Angela Merkel afirma que el Brexit es una decisi\u00f3n irreversible\" (Matthew Karnitschnig, Politico, 28 de junio de 2016) - Lece Online","isPartOf":{"@id":"https:\/\/www.leceonline.org\/#website"},"datePublished":"2016-06-29T11:35:28+00:00","dateModified":"2017-11-07T09:50:51+00:00","author":{"@id":"https:\/\/www.leceonline.org\/#\/schema\/person\/97715c9d9f0168f7d8a020b912b04e9b"},"breadcrumb":{"@id":"https:\/\/www.leceonline.org\/en\/angela-merkel-afirma-que-el-brexit-es-una-decision-irreversible-matthew-karnitschnig-politico-28-de-junio-de-2016\/#breadcrumb"},"inLanguage":"en-US","potentialAction":[{"@type":"ReadAction","target":["https:\/\/www.leceonline.org\/en\/angela-merkel-afirma-que-el-brexit-es-una-decision-irreversible-matthew-karnitschnig-politico-28-de-junio-de-2016\/"]}]},{"@type":"BreadcrumbList","@id":"https:\/\/www.leceonline.org\/en\/angela-merkel-afirma-que-el-brexit-es-una-decision-irreversible-matthew-karnitschnig-politico-28-de-junio-de-2016\/#breadcrumb","itemListElement":[{"@type":"ListItem","position":1,"name":"Portada","item":"https:\/\/www.leceonline.org\/en\/"},{"@type":"ListItem","position":2,"name":"&#8220;Angela Merkel afirma que el Brexit es una decisi\u00f3n irreversible&#8221; (Matthew Karnitschnig, Politico, 28 de junio de 2016)"}]},{"@type":"WebSite","@id":"https:\/\/www.leceonline.org\/#website","url":"https:\/\/www.leceonline.org\/","name":"Lece Online","description":"Comit\u00e9 Espa\u00f1ol de la Liga Europea de Cooperaci\u00f3n Econ\u00f3mica (LECE)","potentialAction":[{"@type":"SearchAction","target":{"@type":"EntryPoint","urlTemplate":"https:\/\/www.leceonline.org\/?s={search_term_string}"},"query-input":{"@type":"PropertyValueSpecification","valueRequired":true,"valueName":"search_term_string"}}],"inLanguage":"en-US"},{"@type":"Person","@id":"https:\/\/www.leceonline.org\/#\/schema\/person\/97715c9d9f0168f7d8a020b912b04e9b","name":"leceonline","image":{"@type":"ImageObject","inLanguage":"en-US","@id":"https:\/\/www.leceonline.org\/#\/schema\/person\/image\/","url":"https:\/\/secure.gravatar.com\/avatar\/af029eeaee171717243ada7857dec35925251d9d883cadc1e4fb3c8d1283bd19?s=96&d=mm&r=g","contentUrl":"https:\/\/secure.gravatar.com\/avatar\/af029eeaee171717243ada7857dec35925251d9d883cadc1e4fb3c8d1283bd19?s=96&d=mm&r=g","caption":"leceonline"}}]}},"_links":{"self":[{"href":"https:\/\/www.leceonline.org\/en\/wp-json\/wp\/v2\/posts\/1867","targetHints":{"allow":["GET"]}}],"collection":[{"href":"https:\/\/www.leceonline.org\/en\/wp-json\/wp\/v2\/posts"}],"about":[{"href":"https:\/\/www.leceonline.org\/en\/wp-json\/wp\/v2\/types\/post"}],"author":[{"embeddable":true,"href":"https:\/\/www.leceonline.org\/en\/wp-json\/wp\/v2\/users\/1"}],"replies":[{"embeddable":true,"href":"https:\/\/www.leceonline.org\/en\/wp-json\/wp\/v2\/comments?post=1867"}],"version-history":[{"count":0,"href":"https:\/\/www.leceonline.org\/en\/wp-json\/wp\/v2\/posts\/1867\/revisions"}],"wp:attachment":[{"href":"https:\/\/www.leceonline.org\/en\/wp-json\/wp\/v2\/media?parent=1867"}],"wp:term":[{"taxonomy":"category","embeddable":true,"href":"https:\/\/www.leceonline.org\/en\/wp-json\/wp\/v2\/categories?post=1867"},{"taxonomy":"post_tag","embeddable":true,"href":"https:\/\/www.leceonline.org\/en\/wp-json\/wp\/v2\/tags?post=1867"}],"curies":[{"name":"wp","href":"https:\/\/api.w.org\/{rel}","templated":true}]}}