{"id":3445,"date":"2018-11-27T09:30:19","date_gmt":"2018-11-27T09:30:19","guid":{"rendered":"https:\/\/www.leceonline.org\/seguridad-migracion-ilegal-las-prioridades-la-presidencia-austriaca-del-consejo-la-ue\/"},"modified":"2018-11-27T09:31:42","modified_gmt":"2018-11-27T09:31:42","slug":"seguridad-migracion-ilegal-las-prioridades-la-presidencia-austriaca-del-consejo-la-ue","status":"publish","type":"post","link":"https:\/\/www.leceonline.org\/en\/seguridad-migracion-ilegal-las-prioridades-la-presidencia-austriaca-del-consejo-la-ue\/","title":{"rendered":"Seguridad y migraci\u00f3n ilegal entre las prioridades de la Presidencia austr\u00edaca del Consejo de la UE"},"content":{"rendered":"<p>Una Europa que protege es el lema de la Presidencia austr\u00edaca de la Uni\u00f3n Europea. El embajador de Austria en Espa\u00f1a, Christian Ebner, expuso las prioridades de dicha Presidencia durante el Desayuno de Trabajo LECE el pasado 22 de noviembre en la sede de ESADE en Madrid.<\/p>\n<p>La Presidencia austr\u00edaca del Consejo de la Uni\u00f3n Europea (UE) quiere reforzar el papel protector de la UE en base a tres ejes prioritarios: la seguridad y la lucha contra la migraci\u00f3n ilegal, asegurar la prosperidad y la competitividad mediante la digitalizaci\u00f3n, y la estabilidad territorial.<\/p>\n<p>El embajador de Austria en Espa\u00f1a, Christian Ebner, expuso esas principales prioridades. Sobre la seguridad y la lucha contra la migraci\u00f3n ilegal ya se celebr\u00f3 en Salzburgo una cumbre informal de jefes de Gobierno.<\/p>\n<p>Austria quiere tambi\u00e9n potenciar el principio de subsidiariedad. Ello implica reforzar la unidad para que la UE decida sobre grandes cuestiones, y que la misma instituci\u00f3n permita a cada Estado miembro o las regiones tomar decisiones en \u00e1mbitos m\u00e1s peque\u00f1os. La UE debe estar unida dentro de la diversidad.<\/p>\n<p>La Presidencia austr\u00edaca tambi\u00e9n est\u00e1 tratando la negociaci\u00f3n del marco financiero comunitario 2021-2027. Tampoco se olvidan las negociaciones para la salida del Reino Unido de la UE.<\/p>\n<p>La bienvenida y presentaci\u00f3n del acto fue a cargo del director de ESADE Madrid, Enrique Verdaguer, y del presidente del Comit\u00e9 Espa\u00f1ol de la LECE, Francesc Homs Ferret.<\/p>\n","protected":false},"excerpt":{"rendered":"<p>Una Europa que protege es el lema de la Presidencia austr\u00edaca de la Uni\u00f3n Europea. El embajador de Austria en Espa\u00f1a, Christian Ebner, expuso las prioridades de dicha Presidencia durante el Desayuno de Trabajo LECE el pasado 22 de noviembre en la sede de ESADE en Madrid.<\/p>\n","protected":false},"author":1,"featured_media":3442,"comment_status":"open","ping_status":"open","sticky":false,"template":"","format":"standard","meta":{"_acf_changed":false,"footnotes":""},"categories":[3],"tags":[],"class_list":["post-3445","post","type-post","status-publish","format-standard","has-post-thumbnail","hentry","category-news-en"],"acf":[],"yoast_head":"<!-- This site is optimized with the Yoast SEO plugin v25.9 - https:\/\/yoast.com\/wordpress\/plugins\/seo\/ -->\n<title>Desayuno LECE. Embajador de Austria en Espa\u00f1a. Seguridad y migraci\u00f3n ilegal.<\/title>\n<meta name=\"robots\" content=\"index, follow, max-snippet:-1, max-image-preview:large, max-video-preview:-1\" \/>\n<link rel=\"canonical\" href=\"https:\/\/www.leceonline.org\/en\/seguridad-migracion-ilegal-las-prioridades-la-presidencia-austriaca-del-consejo-la-ue\/\" \/>\n<meta property=\"og:locale\" content=\"en_US\" \/>\n<meta property=\"og:type\" content=\"article\" \/>\n<meta property=\"og:title\" content=\"Desayuno LECE. Embajador de Austria en Espa\u00f1a. Seguridad y migraci\u00f3n ilegal.\" \/>\n<meta property=\"og:description\" content=\"Una Europa que protege es el lema de la Presidencia austr\u00edaca de la Uni\u00f3n Europea. El embajador de Austria en Espa\u00f1a, Christian Ebner, expuso las prioridades de dicha Presidencia durante el Desayuno de Trabajo LECE el pasado 22 de noviembre en la sede de ESADE en Madrid.\" \/>\n<meta property=\"og:url\" content=\"https:\/\/www.leceonline.org\/en\/seguridad-migracion-ilegal-las-prioridades-la-presidencia-austriaca-del-consejo-la-ue\/\" \/>\n<meta property=\"og:site_name\" content=\"Lece Online\" \/>\n<meta property=\"article:published_time\" content=\"2018-11-27T09:30:19+00:00\" \/>\n<meta property=\"article:modified_time\" content=\"2018-11-27T09:31:42+00:00\" \/>\n<meta property=\"og:image\" content=\"https:\/\/www.leceonline.org\/custom\/uploads\/2018\/11\/IMG_8724.jpg\" \/>\n\t<meta property=\"og:image:width\" content=\"2016\" \/>\n\t<meta property=\"og:image:height\" content=\"1512\" \/>\n\t<meta property=\"og:image:type\" content=\"image\/jpeg\" \/>\n<meta name=\"author\" content=\"leceonline\" \/>\n<meta name=\"twitter:card\" content=\"summary_large_image\" \/>\n<meta name=\"twitter:label1\" content=\"Written by\" \/>\n\t<meta name=\"twitter:data1\" content=\"leceonline\" \/>\n\t<meta name=\"twitter:label2\" content=\"Est. reading time\" \/>\n\t<meta name=\"twitter:data2\" content=\"1 minute\" \/>\n<script type=\"application\/ld+json\" class=\"yoast-schema-graph\">{\"@context\":\"https:\/\/schema.org\",\"@graph\":[{\"@type\":\"WebPage\",\"@id\":\"https:\/\/www.leceonline.org\/en\/seguridad-migracion-ilegal-las-prioridades-la-presidencia-austriaca-del-consejo-la-ue\/\",\"url\":\"https:\/\/www.leceonline.org\/en\/seguridad-migracion-ilegal-las-prioridades-la-presidencia-austriaca-del-consejo-la-ue\/\",\"name\":\"Desayuno LECE. Embajador de Austria en Espa\u00f1a. Seguridad y migraci\u00f3n ilegal.\",\"isPartOf\":{\"@id\":\"https:\/\/www.leceonline.org\/#website\"},\"primaryImageOfPage\":{\"@id\":\"https:\/\/www.leceonline.org\/en\/seguridad-migracion-ilegal-las-prioridades-la-presidencia-austriaca-del-consejo-la-ue\/#primaryimage\"},\"image\":{\"@id\":\"https:\/\/www.leceonline.org\/en\/seguridad-migracion-ilegal-las-prioridades-la-presidencia-austriaca-del-consejo-la-ue\/#primaryimage\"},\"thumbnailUrl\":\"https:\/\/www.leceonline.org\/custom\/uploads\/2018\/11\/IMG_8724.jpg\",\"datePublished\":\"2018-11-27T09:30:19+00:00\",\"dateModified\":\"2018-11-27T09:31:42+00:00\",\"author\":{\"@id\":\"https:\/\/www.leceonline.org\/#\/schema\/person\/97715c9d9f0168f7d8a020b912b04e9b\"},\"breadcrumb\":{\"@id\":\"https:\/\/www.leceonline.org\/en\/seguridad-migracion-ilegal-las-prioridades-la-presidencia-austriaca-del-consejo-la-ue\/#breadcrumb\"},\"inLanguage\":\"en-US\",\"potentialAction\":[{\"@type\":\"ReadAction\",\"target\":[\"https:\/\/www.leceonline.org\/en\/seguridad-migracion-ilegal-las-prioridades-la-presidencia-austriaca-del-consejo-la-ue\/\"]}]},{\"@type\":\"ImageObject\",\"inLanguage\":\"en-US\",\"@id\":\"https:\/\/www.leceonline.org\/en\/seguridad-migracion-ilegal-las-prioridades-la-presidencia-austriaca-del-consejo-la-ue\/#primaryimage\",\"url\":\"https:\/\/www.leceonline.org\/custom\/uploads\/2018\/11\/IMG_8724.jpg\",\"contentUrl\":\"https:\/\/www.leceonline.org\/custom\/uploads\/2018\/11\/IMG_8724.jpg\",\"width\":2016,\"height\":1512},{\"@type\":\"BreadcrumbList\",\"@id\":\"https:\/\/www.leceonline.org\/en\/seguridad-migracion-ilegal-las-prioridades-la-presidencia-austriaca-del-consejo-la-ue\/#breadcrumb\",\"itemListElement\":[{\"@type\":\"ListItem\",\"position\":1,\"name\":\"Portada\",\"item\":\"https:\/\/www.leceonline.org\/en\/\"},{\"@type\":\"ListItem\",\"position\":2,\"name\":\"Seguridad y migraci\u00f3n ilegal entre las prioridades de la Presidencia austr\u00edaca del Consejo de la UE\"}]},{\"@type\":\"WebSite\",\"@id\":\"https:\/\/www.leceonline.org\/#website\",\"url\":\"https:\/\/www.leceonline.org\/\",\"name\":\"Lece Online\",\"description\":\"Comit\u00e9 Espa\u00f1ol de la Liga Europea de Cooperaci\u00f3n Econ\u00f3mica (LECE)\",\"potentialAction\":[{\"@type\":\"SearchAction\",\"target\":{\"@type\":\"EntryPoint\",\"urlTemplate\":\"https:\/\/www.leceonline.org\/?s={search_term_string}\"},\"query-input\":{\"@type\":\"PropertyValueSpecification\",\"valueRequired\":true,\"valueName\":\"search_term_string\"}}],\"inLanguage\":\"en-US\"},{\"@type\":\"Person\",\"@id\":\"https:\/\/www.leceonline.org\/#\/schema\/person\/97715c9d9f0168f7d8a020b912b04e9b\",\"name\":\"leceonline\",\"image\":{\"@type\":\"ImageObject\",\"inLanguage\":\"en-US\",\"@id\":\"https:\/\/www.leceonline.org\/#\/schema\/person\/image\/\",\"url\":\"https:\/\/secure.gravatar.com\/avatar\/af029eeaee171717243ada7857dec35925251d9d883cadc1e4fb3c8d1283bd19?s=96&d=mm&r=g\",\"contentUrl\":\"https:\/\/secure.gravatar.com\/avatar\/af029eeaee171717243ada7857dec35925251d9d883cadc1e4fb3c8d1283bd19?s=96&d=mm&r=g\",\"caption\":\"leceonline\"}}]}<\/script>\n<!-- \/ Yoast SEO plugin. -->","yoast_head_json":{"title":"Desayuno LECE. Embajador de Austria en Espa\u00f1a. Seguridad y migraci\u00f3n ilegal.","robots":{"index":"index","follow":"follow","max-snippet":"max-snippet:-1","max-image-preview":"max-image-preview:large","max-video-preview":"max-video-preview:-1"},"canonical":"https:\/\/www.leceonline.org\/en\/seguridad-migracion-ilegal-las-prioridades-la-presidencia-austriaca-del-consejo-la-ue\/","og_locale":"en_US","og_type":"article","og_title":"Desayuno LECE. Embajador de Austria en Espa\u00f1a. Seguridad y migraci\u00f3n ilegal.","og_description":"Una Europa que protege es el lema de la Presidencia austr\u00edaca de la Uni\u00f3n Europea. El embajador de Austria en Espa\u00f1a, Christian Ebner, expuso las prioridades de dicha Presidencia durante el Desayuno de Trabajo LECE el pasado 22 de noviembre en la sede de ESADE en Madrid.","og_url":"https:\/\/www.leceonline.org\/en\/seguridad-migracion-ilegal-las-prioridades-la-presidencia-austriaca-del-consejo-la-ue\/","og_site_name":"Lece Online","article_published_time":"2018-11-27T09:30:19+00:00","article_modified_time":"2018-11-27T09:31:42+00:00","og_image":[{"width":2016,"height":1512,"url":"https:\/\/www.leceonline.org\/custom\/uploads\/2018\/11\/IMG_8724.jpg","type":"image\/jpeg"}],"author":"leceonline","twitter_card":"summary_large_image","twitter_misc":{"Written by":"leceonline","Est. reading time":"1 minute"},"schema":{"@context":"https:\/\/schema.org","@graph":[{"@type":"WebPage","@id":"https:\/\/www.leceonline.org\/en\/seguridad-migracion-ilegal-las-prioridades-la-presidencia-austriaca-del-consejo-la-ue\/","url":"https:\/\/www.leceonline.org\/en\/seguridad-migracion-ilegal-las-prioridades-la-presidencia-austriaca-del-consejo-la-ue\/","name":"Desayuno LECE. Embajador de Austria en Espa\u00f1a. Seguridad y migraci\u00f3n ilegal.","isPartOf":{"@id":"https:\/\/www.leceonline.org\/#website"},"primaryImageOfPage":{"@id":"https:\/\/www.leceonline.org\/en\/seguridad-migracion-ilegal-las-prioridades-la-presidencia-austriaca-del-consejo-la-ue\/#primaryimage"},"image":{"@id":"https:\/\/www.leceonline.org\/en\/seguridad-migracion-ilegal-las-prioridades-la-presidencia-austriaca-del-consejo-la-ue\/#primaryimage"},"thumbnailUrl":"https:\/\/www.leceonline.org\/custom\/uploads\/2018\/11\/IMG_8724.jpg","datePublished":"2018-11-27T09:30:19+00:00","dateModified":"2018-11-27T09:31:42+00:00","author":{"@id":"https:\/\/www.leceonline.org\/#\/schema\/person\/97715c9d9f0168f7d8a020b912b04e9b"},"breadcrumb":{"@id":"https:\/\/www.leceonline.org\/en\/seguridad-migracion-ilegal-las-prioridades-la-presidencia-austriaca-del-consejo-la-ue\/#breadcrumb"},"inLanguage":"en-US","potentialAction":[{"@type":"ReadAction","target":["https:\/\/www.leceonline.org\/en\/seguridad-migracion-ilegal-las-prioridades-la-presidencia-austriaca-del-consejo-la-ue\/"]}]},{"@type":"ImageObject","inLanguage":"en-US","@id":"https:\/\/www.leceonline.org\/en\/seguridad-migracion-ilegal-las-prioridades-la-presidencia-austriaca-del-consejo-la-ue\/#primaryimage","url":"https:\/\/www.leceonline.org\/custom\/uploads\/2018\/11\/IMG_8724.jpg","contentUrl":"https:\/\/www.leceonline.org\/custom\/uploads\/2018\/11\/IMG_8724.jpg","width":2016,"height":1512},{"@type":"BreadcrumbList","@id":"https:\/\/www.leceonline.org\/en\/seguridad-migracion-ilegal-las-prioridades-la-presidencia-austriaca-del-consejo-la-ue\/#breadcrumb","itemListElement":[{"@type":"ListItem","position":1,"name":"Portada","item":"https:\/\/www.leceonline.org\/en\/"},{"@type":"ListItem","position":2,"name":"Seguridad y migraci\u00f3n ilegal entre las prioridades de la Presidencia austr\u00edaca del Consejo de la UE"}]},{"@type":"WebSite","@id":"https:\/\/www.leceonline.org\/#website","url":"https:\/\/www.leceonline.org\/","name":"Lece Online","description":"Comit\u00e9 Espa\u00f1ol de la Liga Europea de Cooperaci\u00f3n Econ\u00f3mica (LECE)","potentialAction":[{"@type":"SearchAction","target":{"@type":"EntryPoint","urlTemplate":"https:\/\/www.leceonline.org\/?s={search_term_string}"},"query-input":{"@type":"PropertyValueSpecification","valueRequired":true,"valueName":"search_term_string"}}],"inLanguage":"en-US"},{"@type":"Person","@id":"https:\/\/www.leceonline.org\/#\/schema\/person\/97715c9d9f0168f7d8a020b912b04e9b","name":"leceonline","image":{"@type":"ImageObject","inLanguage":"en-US","@id":"https:\/\/www.leceonline.org\/#\/schema\/person\/image\/","url":"https:\/\/secure.gravatar.com\/avatar\/af029eeaee171717243ada7857dec35925251d9d883cadc1e4fb3c8d1283bd19?s=96&d=mm&r=g","contentUrl":"https:\/\/secure.gravatar.com\/avatar\/af029eeaee171717243ada7857dec35925251d9d883cadc1e4fb3c8d1283bd19?s=96&d=mm&r=g","caption":"leceonline"}}]}},"_links":{"self":[{"href":"https:\/\/www.leceonline.org\/en\/wp-json\/wp\/v2\/posts\/3445","targetHints":{"allow":["GET"]}}],"collection":[{"href":"https:\/\/www.leceonline.org\/en\/wp-json\/wp\/v2\/posts"}],"about":[{"href":"https:\/\/www.leceonline.org\/en\/wp-json\/wp\/v2\/types\/post"}],"author":[{"embeddable":true,"href":"https:\/\/www.leceonline.org\/en\/wp-json\/wp\/v2\/users\/1"}],"replies":[{"embeddable":true,"href":"https:\/\/www.leceonline.org\/en\/wp-json\/wp\/v2\/comments?post=3445"}],"version-history":[{"count":0,"href":"https:\/\/www.leceonline.org\/en\/wp-json\/wp\/v2\/posts\/3445\/revisions"}],"wp:featuredmedia":[{"embeddable":true,"href":"https:\/\/www.leceonline.org\/en\/wp-json\/wp\/v2\/media\/3442"}],"wp:attachment":[{"href":"https:\/\/www.leceonline.org\/en\/wp-json\/wp\/v2\/media?parent=3445"}],"wp:term":[{"taxonomy":"category","embeddable":true,"href":"https:\/\/www.leceonline.org\/en\/wp-json\/wp\/v2\/categories?post=3445"},{"taxonomy":"post_tag","embeddable":true,"href":"https:\/\/www.leceonline.org\/en\/wp-json\/wp\/v2\/tags?post=3445"}],"curies":[{"name":"wp","href":"https:\/\/api.w.org\/{rel}","templated":true}]}}