{"id":3555,"date":"2019-01-22T10:21:09","date_gmt":"2019-01-22T10:21:09","guid":{"rendered":"https:\/\/www.leceonline.org\/seminario-seguridad-y-defensa-ue-comite-espanol-lece\/"},"modified":"2019-01-22T10:38:18","modified_gmt":"2019-01-22T10:38:18","slug":"seminario-seguridad-y-defensa-ue-comite-espanol-lece","status":"publish","type":"post","link":"https:\/\/www.leceonline.org\/en\/seminario-seguridad-y-defensa-ue-comite-espanol-lece\/","title":{"rendered":"De la proyecci\u00f3n a la protecci\u00f3n: la UE refuerza su seguridad y defensa con autonom\u00eda, integraci\u00f3n y recursos"},"content":{"rendered":"<p>La UE enfoca su seguridad y defensa desde una estrategia global como actor con autonom\u00eda propia. La institucionalizaci\u00f3n de la defensa y la seguridad se ha materializado en programas y recursos. Se han incorporado presupuestos para la investigaci\u00f3n y el desarrollo desde la industria europea. La coherencia en la unidad de acciones y la cooperaci\u00f3n son ahora una oportunidad que se debe aprovechar.<\/p>\n<p>Estos fueron los mensajes expuestos en el Seminario &#8220;Seguridad y Defensa Europea: Hacia un nuevo modelo&#8221; del pasado 14 de enero en Madrid, organizado por el Comit\u00e9 Espa\u00f1ol de la LECE en colaboraci\u00f3n con ESADEgeo. El presidente de ESADEgeo, Javier Solana, inaugur\u00f3 el evento. La clausura fue a cargo del Director Ejecutivo de la Agencia Europea de Defensa, Jorge Domecq Fern\u00e1ndez de Bobadilla.<\/p>\n<p>El marco actual de seguridad y defensa en la Uni\u00f3n Europea (UE) se integra en la Estrategia Global presentada en 2016 por la alta representante de la Uni\u00f3n para Asuntos Exteriores y Pol\u00edtica de Seguridad, Federica Mogherini.<\/p>\n<blockquote><p>La UE impulsa distintas actuaciones en Seguridad y Defensa<\/p><\/blockquote>\n<p>Detr\u00e1s de este contexto hay un cambio en lo que busca la UE. Como indic\u00f3 el presidente de ESADEgeo en la inauguraci\u00f3n del Seminario, es muy importante que la UE se implique como un actor estrat\u00e9gico global en el \u00e1mbito de la defensa y la seguridad. De proyectarse al mundo en la estrategia de seguridad de 2003, a la protecci\u00f3n de su territorio y de sus ciudadanos en 2016.<\/p>\n<div id=\"attachment_3544\" style=\"width: 410px\" class=\"wp-caption alignright\"><img loading=\"lazy\" decoding=\"async\" aria-describedby=\"caption-attachment-3544\" class=\"wp-image-3544 size-full\" src=\"http:\/\/www.leceonline.org\/custom\/uploads\/2019\/01\/foto-solana-2.jpg\" alt=\"\" width=\"400\" height=\"300\" srcset=\"https:\/\/www.leceonline.org\/custom\/uploads\/2019\/01\/foto-solana-2.jpg 400w, https:\/\/www.leceonline.org\/custom\/uploads\/2019\/01\/foto-solana-2-300x225.jpg 300w\" sizes=\"auto, (max-width: 400px) 100vw, 400px\" \/><p id=\"caption-attachment-3544\" class=\"wp-caption-text\">Javier Solana, en su apertura del Seminario<\/p><\/div>\n<p>Hay dos novedades m\u00e1s en el marco de la seguridad y la defensa desde la UE, como indic\u00f3 Javier Solana. La primera es que la Comisi\u00f3n Europea est\u00e1 ahora dentro de los debates de seguridad, hasta ahora intergubernamentales, y aporta presupuesto para impulsar proyectos de investigaci\u00f3n e industriales. La segunda novedad es que, finalmente, la Cooperaci\u00f3n Estructurada en Materia de Defensa (PESCO), incorporada en el Tratado de Lisboa, ya est\u00e1 en marcha y, otra vez, es importante trabajar con el apoyo de las empresas.<\/p>\n<p>El Plan de Implementaci\u00f3n en Seguridad y Defensa incorpora distintas actuaciones. Adem\u00e1s de la PESCO, est\u00e1 la Revisi\u00f3n Anual Coordinada de Defensa (CARD), iniciada la segunda mitad de 2017; la Capacidad Militar de Planificaci\u00f3n y Ejecuci\u00f3n (MPPC), establecida en 2017; el plan de acci\u00f3n de Movilidad Militar, iniciado en marzo de 2018; la continua cooperaci\u00f3n con la OTAN y, finalmente, el nuevo Fondo Europeo de Defensa (EDF).<\/p>\n<p>El Fondo Europeo de Defensa fue uno de los panels del seminario, y a ello se refiri\u00f3 tambi\u00e9n el director ejecutivo de la Agencia Europea de Defensa (EDA), Javier Domecq Fern\u00e1ndez de Bobadilla, durante la clausura. El EDF es un fondo integral para la investigaci\u00f3n y el desarrollo de tecnolog\u00edas disruptivas para la defensa, con el objetivo de asegurar una estrategia aut\u00f3noma a largo plazo en Europa. El presupuesto para el marco financiero 2021-2027 es de 13 mil millones de Euros -8,9 para el desarrollo y 4,1 para investigaci\u00f3n. Para este 2019 se dispondr\u00eda de 590 millones de Euros -500 para desarrollo y 90 para investigaci\u00f3n.<\/p>\n<blockquote><p>El Fondo Europeo de Defensa (EDF) debe impulsar inversiones conjuntas y coherentes<\/p><\/blockquote>\n<p>El EDF es una oportunidad real para la industria, como se indic\u00f3 durante el acto. Javier Domecq coment\u00f3 que una parte del fondo ser\u00e1 el Programa Europeo de Desarrollo Industrial en materia de Defensa (EDIDP). Es importante, seg\u00fan la UE, que en un futuro los fondos, como palanca del resto de programas, se basen en las necesidades de defensa europea y no de las propias industrias. La coherencia es b\u00e1sica para conseguir inversiones en beneficio del conjunto de Europa, y con recursos de los que un estado no dispone para desarrollarlo por su cuenta.<\/p>\n<div id=\"attachment_3547\" style=\"width: 410px\" class=\"wp-caption alignleft\"><img loading=\"lazy\" decoding=\"async\" aria-describedby=\"caption-attachment-3547\" class=\"wp-image-3547 size-full\" src=\"http:\/\/www.leceonline.org\/custom\/uploads\/2019\/01\/domecq.jpg\" alt=\"\" width=\"400\" height=\"300\" srcset=\"https:\/\/www.leceonline.org\/custom\/uploads\/2019\/01\/domecq.jpg 400w, https:\/\/www.leceonline.org\/custom\/uploads\/2019\/01\/domecq-300x225.jpg 300w\" sizes=\"auto, (max-width: 400px) 100vw, 400px\" \/><p id=\"caption-attachment-3547\" class=\"wp-caption-text\">Javier Domecq, en la clausura del Seminario<\/p><\/div>\n<p>Coherencia, colaboraci\u00f3n, autonom\u00eda de la UE, estrategia global y recursos disponibles. Estos fueron, en definitiva, los mensajes que se desprendieron en el Seminario. Como record\u00f3 en su intervenci\u00f3n el director del Barcelona Center for International Affairs (CIDOB), Pol Morillas, en un momento en que parece extenderse el euroescepticismo, en los campos de la seguridad y la defensa se han reforzado los instrumentos y los recursos conjuntos. Hasta hubo una llamada en una de las intervenciones a caminar hacia un Pent\u00e1gono -como en los Estados Unidos- en lugar de 28 -los estados miembro preBrexit.<\/p>\n<p>El evento cont\u00f3 con los siguientes participantes:<br \/>\nEn la mesa redonda &#8216;Realidades y perspectiva de la nueva defensa europea&#8217;, moderada por el embajador representante permanente de Espan\u0303a ante Naciones Unidas y vicepresidente del Comit\u00e9 Espa\u00f1ol de la LECE, Sen\u00e9n Florensa, estuvieron:<br \/>\nCoronel Konstantinos Grapsas, representante de la European External Action Service (EEAS)<br \/>\nMari\u0301a Elena Go\u0301mez Castro, directora general de Poli\u0301tica de Defensa del Ministerio de Defensa<br \/>\nEnrique Mora, director general de Poli\u0301tica Exterior y de Seguridad del Ministerio de Asuntos Exteriores y de Cooperacio\u0301n<br \/>\nCoronel Jean Marsia, Presidente de la Socie\u0301te\u0301 Europe\u0301enne de Defense<br \/>\nGianluca D\u2019antonio, Partner en Deloitte Cyber<\/p>\n<p style=\"text-align: left;\">En la mesa redonda &#8216;El Fondo Europeo de Defensa y otras facilidades: oportunidades<br \/>\npara la industria&#8217;, moderada por el director de la representaci\u00f3n del BBVA en la UE y miembro de la Junta Directiva del Comit\u00e9 Espa\u00f1ol de la LECE, Javier Arias, estuvieron:<br \/>\nPierre Delsaux. director general adjunto para Mercado Interno, INdustria, Emprendimiento y PyMes de la Comisi\u00f3n<br \/>\nJaime de Ra\u0301bago Presidente de la Asociacio\u0301n Espan\u0303ola de Tecnologi\u0301as de Defensa, Aerona\u0301utica y Espacio (TEDAE)<br \/>\nLaura Piovesan, jefa de la divisi\u00f3n de Industrias Innovadoras del Banco Europeo de Inversiones<br \/>\nA\u0301lvaro Bourkaib Ferna\u0301ndez de Co\u0301rdoba, Socio del bufete Cuatrecasas<\/p>\n<p>El acto lo cerr\u00f3 el presidente del Comit\u00e9 Espa\u00f1ol de la LECE, Francesc Homs Ferret.<\/p>\n","protected":false},"excerpt":{"rendered":"<p>La UE enfoca su seguridad y defensa desde una estrategia global como actor con autonom\u00eda propia. La institucionalizaci\u00f3n de la defensa y la seguridad se ha materializado en programas y recursos. Se han incorporado presupuestos para la investigaci\u00f3n y el desarrollo desde la industria europea. La coherencia en la unidad de acciones y la cooperaci\u00f3n [&hellip;]<\/p>\n","protected":false},"author":1,"featured_media":3563,"comment_status":"open","ping_status":"open","sticky":false,"template":"","format":"standard","meta":{"_acf_changed":false,"footnotes":""},"categories":[35],"tags":[],"class_list":["post-3555","post","type-post","status-publish","format-standard","has-post-thumbnail","hentry","category-conferences-meetings-en"],"acf":[],"yoast_head":"<!-- This site is optimized with the Yoast SEO plugin v25.9 - https:\/\/yoast.com\/wordpress\/plugins\/seo\/ -->\n<title>De la proyecci\u00f3n a la protecci\u00f3n: la UE refuerza su seguridad y defensa<\/title>\n<meta name=\"description\" content=\"La UE enfoca su seguridad y defensa desde una estrategia global como actor con autonom\u00eda propia. En el Seminario sobre la materia organizado por el Comit\u00e9 Espa\u00f1ol de la LECE tambi\u00e9n se ratific\u00f3 el impulso de acciones ya en curso y recursos econ\u00f3micos, como el Fondo Europeo de Defensa. Javier Solana abri\u00f3 el evento.\" \/>\n<meta name=\"robots\" content=\"index, follow, max-snippet:-1, max-image-preview:large, max-video-preview:-1\" \/>\n<link rel=\"canonical\" href=\"https:\/\/www.leceonline.org\/en\/seminario-seguridad-y-defensa-ue-comite-espanol-lece\/\" \/>\n<meta property=\"og:locale\" content=\"en_US\" \/>\n<meta property=\"og:type\" content=\"article\" \/>\n<meta property=\"og:title\" content=\"De la proyecci\u00f3n a la protecci\u00f3n: la UE refuerza su seguridad y defensa\" \/>\n<meta property=\"og:description\" content=\"La UE enfoca su seguridad y defensa desde una estrategia global como actor con autonom\u00eda propia. En el Seminario sobre la materia organizado por el Comit\u00e9 Espa\u00f1ol de la LECE tambi\u00e9n se ratific\u00f3 el impulso de acciones ya en curso y recursos econ\u00f3micos, como el Fondo Europeo de Defensa. Javier Solana abri\u00f3 el evento.\" \/>\n<meta property=\"og:url\" content=\"https:\/\/www.leceonline.org\/en\/seminario-seguridad-y-defensa-ue-comite-espanol-lece\/\" \/>\n<meta property=\"og:site_name\" content=\"Lece Online\" \/>\n<meta property=\"article:published_time\" content=\"2019-01-22T10:21:09+00:00\" \/>\n<meta property=\"article:modified_time\" content=\"2019-01-22T10:38:18+00:00\" \/>\n<meta property=\"og:image\" content=\"https:\/\/www.leceonline.org\/custom\/uploads\/2019\/01\/foto-conjunta.jpeg\" \/>\n\t<meta property=\"og:image:width\" content=\"1600\" \/>\n\t<meta property=\"og:image:height\" content=\"1200\" \/>\n\t<meta property=\"og:image:type\" content=\"image\/jpeg\" \/>\n<meta name=\"author\" content=\"leceonline\" \/>\n<meta name=\"twitter:card\" content=\"summary_large_image\" \/>\n<meta name=\"twitter:label1\" content=\"Written by\" \/>\n\t<meta name=\"twitter:data1\" content=\"leceonline\" \/>\n\t<meta name=\"twitter:label2\" content=\"Est. reading time\" \/>\n\t<meta name=\"twitter:data2\" content=\"5 minutes\" \/>\n<script type=\"application\/ld+json\" class=\"yoast-schema-graph\">{\"@context\":\"https:\/\/schema.org\",\"@graph\":[{\"@type\":\"WebPage\",\"@id\":\"https:\/\/www.leceonline.org\/en\/seminario-seguridad-y-defensa-ue-comite-espanol-lece\/\",\"url\":\"https:\/\/www.leceonline.org\/en\/seminario-seguridad-y-defensa-ue-comite-espanol-lece\/\",\"name\":\"De la proyecci\u00f3n a la protecci\u00f3n: la UE refuerza su seguridad y defensa\",\"isPartOf\":{\"@id\":\"https:\/\/www.leceonline.org\/#website\"},\"primaryImageOfPage\":{\"@id\":\"https:\/\/www.leceonline.org\/en\/seminario-seguridad-y-defensa-ue-comite-espanol-lece\/#primaryimage\"},\"image\":{\"@id\":\"https:\/\/www.leceonline.org\/en\/seminario-seguridad-y-defensa-ue-comite-espanol-lece\/#primaryimage\"},\"thumbnailUrl\":\"https:\/\/www.leceonline.org\/custom\/uploads\/2019\/01\/foto-conjunta.jpeg\",\"datePublished\":\"2019-01-22T10:21:09+00:00\",\"dateModified\":\"2019-01-22T10:38:18+00:00\",\"author\":{\"@id\":\"https:\/\/www.leceonline.org\/#\/schema\/person\/97715c9d9f0168f7d8a020b912b04e9b\"},\"description\":\"La UE enfoca su seguridad y defensa desde una estrategia global como actor con autonom\u00eda propia. En el Seminario sobre la materia organizado por el Comit\u00e9 Espa\u00f1ol de la LECE tambi\u00e9n se ratific\u00f3 el impulso de acciones ya en curso y recursos econ\u00f3micos, como el Fondo Europeo de Defensa. Javier Solana abri\u00f3 el evento.\",\"breadcrumb\":{\"@id\":\"https:\/\/www.leceonline.org\/en\/seminario-seguridad-y-defensa-ue-comite-espanol-lece\/#breadcrumb\"},\"inLanguage\":\"en-US\",\"potentialAction\":[{\"@type\":\"ReadAction\",\"target\":[\"https:\/\/www.leceonline.org\/en\/seminario-seguridad-y-defensa-ue-comite-espanol-lece\/\"]}]},{\"@type\":\"ImageObject\",\"inLanguage\":\"en-US\",\"@id\":\"https:\/\/www.leceonline.org\/en\/seminario-seguridad-y-defensa-ue-comite-espanol-lece\/#primaryimage\",\"url\":\"https:\/\/www.leceonline.org\/custom\/uploads\/2019\/01\/foto-conjunta.jpeg\",\"contentUrl\":\"https:\/\/www.leceonline.org\/custom\/uploads\/2019\/01\/foto-conjunta.jpeg\",\"width\":1600,\"height\":1200},{\"@type\":\"BreadcrumbList\",\"@id\":\"https:\/\/www.leceonline.org\/en\/seminario-seguridad-y-defensa-ue-comite-espanol-lece\/#breadcrumb\",\"itemListElement\":[{\"@type\":\"ListItem\",\"position\":1,\"name\":\"Portada\",\"item\":\"https:\/\/www.leceonline.org\/en\/\"},{\"@type\":\"ListItem\",\"position\":2,\"name\":\"De la proyecci\u00f3n a la protecci\u00f3n: la UE refuerza su seguridad y defensa con autonom\u00eda, integraci\u00f3n y recursos\"}]},{\"@type\":\"WebSite\",\"@id\":\"https:\/\/www.leceonline.org\/#website\",\"url\":\"https:\/\/www.leceonline.org\/\",\"name\":\"Lece Online\",\"description\":\"Comit\u00e9 Espa\u00f1ol de la Liga Europea de Cooperaci\u00f3n Econ\u00f3mica (LECE)\",\"potentialAction\":[{\"@type\":\"SearchAction\",\"target\":{\"@type\":\"EntryPoint\",\"urlTemplate\":\"https:\/\/www.leceonline.org\/?s={search_term_string}\"},\"query-input\":{\"@type\":\"PropertyValueSpecification\",\"valueRequired\":true,\"valueName\":\"search_term_string\"}}],\"inLanguage\":\"en-US\"},{\"@type\":\"Person\",\"@id\":\"https:\/\/www.leceonline.org\/#\/schema\/person\/97715c9d9f0168f7d8a020b912b04e9b\",\"name\":\"leceonline\",\"image\":{\"@type\":\"ImageObject\",\"inLanguage\":\"en-US\",\"@id\":\"https:\/\/www.leceonline.org\/#\/schema\/person\/image\/\",\"url\":\"https:\/\/secure.gravatar.com\/avatar\/af029eeaee171717243ada7857dec35925251d9d883cadc1e4fb3c8d1283bd19?s=96&d=mm&r=g\",\"contentUrl\":\"https:\/\/secure.gravatar.com\/avatar\/af029eeaee171717243ada7857dec35925251d9d883cadc1e4fb3c8d1283bd19?s=96&d=mm&r=g\",\"caption\":\"leceonline\"}}]}<\/script>\n<!-- \/ Yoast SEO plugin. -->","yoast_head_json":{"title":"De la proyecci\u00f3n a la protecci\u00f3n: la UE refuerza su seguridad y defensa","description":"La UE enfoca su seguridad y defensa desde una estrategia global como actor con autonom\u00eda propia. En el Seminario sobre la materia organizado por el Comit\u00e9 Espa\u00f1ol de la LECE tambi\u00e9n se ratific\u00f3 el impulso de acciones ya en curso y recursos econ\u00f3micos, como el Fondo Europeo de Defensa. Javier Solana abri\u00f3 el evento.","robots":{"index":"index","follow":"follow","max-snippet":"max-snippet:-1","max-image-preview":"max-image-preview:large","max-video-preview":"max-video-preview:-1"},"canonical":"https:\/\/www.leceonline.org\/en\/seminario-seguridad-y-defensa-ue-comite-espanol-lece\/","og_locale":"en_US","og_type":"article","og_title":"De la proyecci\u00f3n a la protecci\u00f3n: la UE refuerza su seguridad y defensa","og_description":"La UE enfoca su seguridad y defensa desde una estrategia global como actor con autonom\u00eda propia. En el Seminario sobre la materia organizado por el Comit\u00e9 Espa\u00f1ol de la LECE tambi\u00e9n se ratific\u00f3 el impulso de acciones ya en curso y recursos econ\u00f3micos, como el Fondo Europeo de Defensa. Javier Solana abri\u00f3 el evento.","og_url":"https:\/\/www.leceonline.org\/en\/seminario-seguridad-y-defensa-ue-comite-espanol-lece\/","og_site_name":"Lece Online","article_published_time":"2019-01-22T10:21:09+00:00","article_modified_time":"2019-01-22T10:38:18+00:00","og_image":[{"width":1600,"height":1200,"url":"https:\/\/www.leceonline.org\/custom\/uploads\/2019\/01\/foto-conjunta.jpeg","type":"image\/jpeg"}],"author":"leceonline","twitter_card":"summary_large_image","twitter_misc":{"Written by":"leceonline","Est. reading time":"5 minutes"},"schema":{"@context":"https:\/\/schema.org","@graph":[{"@type":"WebPage","@id":"https:\/\/www.leceonline.org\/en\/seminario-seguridad-y-defensa-ue-comite-espanol-lece\/","url":"https:\/\/www.leceonline.org\/en\/seminario-seguridad-y-defensa-ue-comite-espanol-lece\/","name":"De la proyecci\u00f3n a la protecci\u00f3n: la UE refuerza su seguridad y defensa","isPartOf":{"@id":"https:\/\/www.leceonline.org\/#website"},"primaryImageOfPage":{"@id":"https:\/\/www.leceonline.org\/en\/seminario-seguridad-y-defensa-ue-comite-espanol-lece\/#primaryimage"},"image":{"@id":"https:\/\/www.leceonline.org\/en\/seminario-seguridad-y-defensa-ue-comite-espanol-lece\/#primaryimage"},"thumbnailUrl":"https:\/\/www.leceonline.org\/custom\/uploads\/2019\/01\/foto-conjunta.jpeg","datePublished":"2019-01-22T10:21:09+00:00","dateModified":"2019-01-22T10:38:18+00:00","author":{"@id":"https:\/\/www.leceonline.org\/#\/schema\/person\/97715c9d9f0168f7d8a020b912b04e9b"},"description":"La UE enfoca su seguridad y defensa desde una estrategia global como actor con autonom\u00eda propia. En el Seminario sobre la materia organizado por el Comit\u00e9 Espa\u00f1ol de la LECE tambi\u00e9n se ratific\u00f3 el impulso de acciones ya en curso y recursos econ\u00f3micos, como el Fondo Europeo de Defensa. Javier Solana abri\u00f3 el evento.","breadcrumb":{"@id":"https:\/\/www.leceonline.org\/en\/seminario-seguridad-y-defensa-ue-comite-espanol-lece\/#breadcrumb"},"inLanguage":"en-US","potentialAction":[{"@type":"ReadAction","target":["https:\/\/www.leceonline.org\/en\/seminario-seguridad-y-defensa-ue-comite-espanol-lece\/"]}]},{"@type":"ImageObject","inLanguage":"en-US","@id":"https:\/\/www.leceonline.org\/en\/seminario-seguridad-y-defensa-ue-comite-espanol-lece\/#primaryimage","url":"https:\/\/www.leceonline.org\/custom\/uploads\/2019\/01\/foto-conjunta.jpeg","contentUrl":"https:\/\/www.leceonline.org\/custom\/uploads\/2019\/01\/foto-conjunta.jpeg","width":1600,"height":1200},{"@type":"BreadcrumbList","@id":"https:\/\/www.leceonline.org\/en\/seminario-seguridad-y-defensa-ue-comite-espanol-lece\/#breadcrumb","itemListElement":[{"@type":"ListItem","position":1,"name":"Portada","item":"https:\/\/www.leceonline.org\/en\/"},{"@type":"ListItem","position":2,"name":"De la proyecci\u00f3n a la protecci\u00f3n: la UE refuerza su seguridad y defensa con autonom\u00eda, integraci\u00f3n y recursos"}]},{"@type":"WebSite","@id":"https:\/\/www.leceonline.org\/#website","url":"https:\/\/www.leceonline.org\/","name":"Lece Online","description":"Comit\u00e9 Espa\u00f1ol de la Liga Europea de Cooperaci\u00f3n Econ\u00f3mica (LECE)","potentialAction":[{"@type":"SearchAction","target":{"@type":"EntryPoint","urlTemplate":"https:\/\/www.leceonline.org\/?s={search_term_string}"},"query-input":{"@type":"PropertyValueSpecification","valueRequired":true,"valueName":"search_term_string"}}],"inLanguage":"en-US"},{"@type":"Person","@id":"https:\/\/www.leceonline.org\/#\/schema\/person\/97715c9d9f0168f7d8a020b912b04e9b","name":"leceonline","image":{"@type":"ImageObject","inLanguage":"en-US","@id":"https:\/\/www.leceonline.org\/#\/schema\/person\/image\/","url":"https:\/\/secure.gravatar.com\/avatar\/af029eeaee171717243ada7857dec35925251d9d883cadc1e4fb3c8d1283bd19?s=96&d=mm&r=g","contentUrl":"https:\/\/secure.gravatar.com\/avatar\/af029eeaee171717243ada7857dec35925251d9d883cadc1e4fb3c8d1283bd19?s=96&d=mm&r=g","caption":"leceonline"}}]}},"_links":{"self":[{"href":"https:\/\/www.leceonline.org\/en\/wp-json\/wp\/v2\/posts\/3555","targetHints":{"allow":["GET"]}}],"collection":[{"href":"https:\/\/www.leceonline.org\/en\/wp-json\/wp\/v2\/posts"}],"about":[{"href":"https:\/\/www.leceonline.org\/en\/wp-json\/wp\/v2\/types\/post"}],"author":[{"embeddable":true,"href":"https:\/\/www.leceonline.org\/en\/wp-json\/wp\/v2\/users\/1"}],"replies":[{"embeddable":true,"href":"https:\/\/www.leceonline.org\/en\/wp-json\/wp\/v2\/comments?post=3555"}],"version-history":[{"count":0,"href":"https:\/\/www.leceonline.org\/en\/wp-json\/wp\/v2\/posts\/3555\/revisions"}],"wp:featuredmedia":[{"embeddable":true,"href":"https:\/\/www.leceonline.org\/en\/wp-json\/wp\/v2\/media\/3563"}],"wp:attachment":[{"href":"https:\/\/www.leceonline.org\/en\/wp-json\/wp\/v2\/media?parent=3555"}],"wp:term":[{"taxonomy":"category","embeddable":true,"href":"https:\/\/www.leceonline.org\/en\/wp-json\/wp\/v2\/categories?post=3555"},{"taxonomy":"post_tag","embeddable":true,"href":"https:\/\/www.leceonline.org\/en\/wp-json\/wp\/v2\/tags?post=3555"}],"curies":[{"name":"wp","href":"https:\/\/api.w.org\/{rel}","templated":true}]}}