{"id":4399,"date":"2021-05-10T14:11:15","date_gmt":"2021-05-10T14:11:15","guid":{"rendered":"https:\/\/www.leceonline.org\/von-der-leyen-ue-lucha-contra-discriminacion-sexual\/"},"modified":"2021-05-10T16:13:27","modified_gmt":"2021-05-10T16:13:27","slug":"von-der-leyen-ue-lucha-contra-discriminacion-sexual","status":"publish","type":"post","link":"https:\/\/www.leceonline.org\/en\/von-der-leyen-ue-lucha-contra-discriminacion-sexual\/","title":{"rendered":"Von der Leyen refuerza la lucha contra la discriminaci\u00f3n sexual"},"content":{"rendered":"<p>La presidenta de la Comisi\u00f3n Europea, Ursula Von der Leyen, ha destacado la necesidad de reforzar la lucha contra la discriminaci\u00f3n sexual y la legislaci\u00f3n a favor de la igualdad de g\u00e9nero y de protecci\u00f3n de las mujeres. As\u00ed ha sido en su intervenci\u00f3n del lunes 26 de abril en el Parlamento Europeo, disponible en el <a href=\"https:\/\/www.facebook.com\/freedaesp\/videos\/ursula-von-der-leyen\/776934616127806\/\">video de este enlace en la p\u00e1gina de FreedaES<\/a>.<\/p>\n<p><a href=\"https:\/\/www.facebook.com\/freedaesp\/videos\/ursula-von-der-leyen\/776934616127806\/\"><img loading=\"lazy\" decoding=\"async\" class=\"alignnone size-full wp-image-4394\" src=\"http:\/\/www.leceonline.org\/custom\/uploads\/2021\/05\/Captura-de-Pantalla-2021-05-10-a-les-16.05.51.png\" alt=\"\" width=\"630\" height=\"842\" srcset=\"https:\/\/www.leceonline.org\/custom\/uploads\/2021\/05\/Captura-de-Pantalla-2021-05-10-a-les-16.05.51.png 630w, https:\/\/www.leceonline.org\/custom\/uploads\/2021\/05\/Captura-de-Pantalla-2021-05-10-a-les-16.05.51-224x300.png 224w\" sizes=\"auto, (max-width: 630px) 100vw, 630px\" \/><\/a><\/p>\n<p>Von der Leyen afirm\u00f3 que antes de fin de a\u00f1o se presentar\u00e1 nueva legislaci\u00f3n para combatir la violencia contra las mujeres y los ni\u00f1os. Todo ello ha venido a ra\u00edz del incidente durante la visita a Turqu\u00eda de la Presidenta de la Comisi\u00f3n junto con el presidente del Consejo Europeo, Charles Michel. En la reuni\u00f3n en Ankara, Michel se sent\u00f3 junto al presidente de Turqu\u00eda, Recep Tayyip Erdogan, dejando relegada a Von der Leyen a un segundo plano en el sof\u00e1.<\/p>\n","protected":false},"excerpt":{"rendered":"<p>La presidenta de la Comisi\u00f3n Europea, Ursula Von der Leyen, ha destacado la necesidad de reforzar la lucha contra la discriminaci\u00f3n sexual y la legislaci\u00f3n a favor de la igualdad de g\u00e9nero y de protecci\u00f3n de las mujeres.<\/p>\n","protected":false},"author":1,"featured_media":4394,"comment_status":"open","ping_status":"open","sticky":false,"template":"","format":"standard","meta":{"_acf_changed":false,"footnotes":""},"categories":[3],"tags":[],"class_list":["post-4399","post","type-post","status-publish","format-standard","has-post-thumbnail","hentry","category-news-en"],"acf":[],"yoast_head":"<!-- This site is optimized with the Yoast SEO plugin v25.9 - https:\/\/yoast.com\/wordpress\/plugins\/seo\/ -->\n<title>Von der Leyen refuerza la lucha contra la discriminaci\u00f3n sexual - Lece Online<\/title>\n<meta name=\"description\" content=\"La presidenta de la Comisi\u00f3n Europea, quiere reforzar la lucha contra la discriminaci\u00f3n sexual y la legislaci\u00f3n para la igualdad de g\u00e9nero.\" \/>\n<meta name=\"robots\" content=\"index, follow, max-snippet:-1, max-image-preview:large, max-video-preview:-1\" \/>\n<link rel=\"canonical\" href=\"https:\/\/www.leceonline.org\/en\/von-der-leyen-ue-lucha-contra-discriminacion-sexual\/\" \/>\n<meta property=\"og:locale\" content=\"en_US\" \/>\n<meta property=\"og:type\" content=\"article\" \/>\n<meta property=\"og:title\" content=\"Von der Leyen refuerza la lucha contra la discriminaci\u00f3n sexual - Lece Online\" \/>\n<meta property=\"og:description\" content=\"La presidenta de la Comisi\u00f3n Europea, quiere reforzar la lucha contra la discriminaci\u00f3n sexual y la legislaci\u00f3n para la igualdad de g\u00e9nero.\" \/>\n<meta property=\"og:url\" content=\"https:\/\/www.leceonline.org\/en\/von-der-leyen-ue-lucha-contra-discriminacion-sexual\/\" \/>\n<meta property=\"og:site_name\" content=\"Lece Online\" \/>\n<meta property=\"article:published_time\" content=\"2021-05-10T14:11:15+00:00\" \/>\n<meta property=\"article:modified_time\" content=\"2021-05-10T16:13:27+00:00\" \/>\n<meta property=\"og:image\" content=\"https:\/\/www.leceonline.org\/custom\/uploads\/2021\/05\/Captura-de-Pantalla-2021-05-10-a-les-16.05.51.png\" \/>\n\t<meta property=\"og:image:width\" content=\"630\" \/>\n\t<meta property=\"og:image:height\" content=\"842\" \/>\n\t<meta property=\"og:image:type\" content=\"image\/png\" \/>\n<meta name=\"author\" content=\"leceonline\" \/>\n<meta name=\"twitter:card\" content=\"summary_large_image\" \/>\n<meta name=\"twitter:label1\" content=\"Written by\" \/>\n\t<meta name=\"twitter:data1\" content=\"leceonline\" \/>\n\t<meta name=\"twitter:label2\" content=\"Est. reading time\" \/>\n\t<meta name=\"twitter:data2\" content=\"1 minute\" \/>\n<script type=\"application\/ld+json\" class=\"yoast-schema-graph\">{\"@context\":\"https:\/\/schema.org\",\"@graph\":[{\"@type\":\"WebPage\",\"@id\":\"https:\/\/www.leceonline.org\/en\/von-der-leyen-ue-lucha-contra-discriminacion-sexual\/\",\"url\":\"https:\/\/www.leceonline.org\/en\/von-der-leyen-ue-lucha-contra-discriminacion-sexual\/\",\"name\":\"Von der Leyen refuerza la lucha contra la discriminaci\u00f3n sexual - Lece Online\",\"isPartOf\":{\"@id\":\"https:\/\/www.leceonline.org\/#website\"},\"primaryImageOfPage\":{\"@id\":\"https:\/\/www.leceonline.org\/en\/von-der-leyen-ue-lucha-contra-discriminacion-sexual\/#primaryimage\"},\"image\":{\"@id\":\"https:\/\/www.leceonline.org\/en\/von-der-leyen-ue-lucha-contra-discriminacion-sexual\/#primaryimage\"},\"thumbnailUrl\":\"https:\/\/www.leceonline.org\/custom\/uploads\/2021\/05\/Captura-de-Pantalla-2021-05-10-a-les-16.05.51.png\",\"datePublished\":\"2021-05-10T14:11:15+00:00\",\"dateModified\":\"2021-05-10T16:13:27+00:00\",\"author\":{\"@id\":\"https:\/\/www.leceonline.org\/#\/schema\/person\/97715c9d9f0168f7d8a020b912b04e9b\"},\"description\":\"La presidenta de la Comisi\u00f3n Europea, quiere reforzar la lucha contra la discriminaci\u00f3n sexual y la legislaci\u00f3n para la igualdad de g\u00e9nero.\",\"breadcrumb\":{\"@id\":\"https:\/\/www.leceonline.org\/en\/von-der-leyen-ue-lucha-contra-discriminacion-sexual\/#breadcrumb\"},\"inLanguage\":\"en-US\",\"potentialAction\":[{\"@type\":\"ReadAction\",\"target\":[\"https:\/\/www.leceonline.org\/en\/von-der-leyen-ue-lucha-contra-discriminacion-sexual\/\"]}]},{\"@type\":\"ImageObject\",\"inLanguage\":\"en-US\",\"@id\":\"https:\/\/www.leceonline.org\/en\/von-der-leyen-ue-lucha-contra-discriminacion-sexual\/#primaryimage\",\"url\":\"https:\/\/www.leceonline.org\/custom\/uploads\/2021\/05\/Captura-de-Pantalla-2021-05-10-a-les-16.05.51.png\",\"contentUrl\":\"https:\/\/www.leceonline.org\/custom\/uploads\/2021\/05\/Captura-de-Pantalla-2021-05-10-a-les-16.05.51.png\",\"width\":630,\"height\":842},{\"@type\":\"BreadcrumbList\",\"@id\":\"https:\/\/www.leceonline.org\/en\/von-der-leyen-ue-lucha-contra-discriminacion-sexual\/#breadcrumb\",\"itemListElement\":[{\"@type\":\"ListItem\",\"position\":1,\"name\":\"Portada\",\"item\":\"https:\/\/www.leceonline.org\/en\/\"},{\"@type\":\"ListItem\",\"position\":2,\"name\":\"Von der Leyen refuerza la lucha contra la discriminaci\u00f3n sexual\"}]},{\"@type\":\"WebSite\",\"@id\":\"https:\/\/www.leceonline.org\/#website\",\"url\":\"https:\/\/www.leceonline.org\/\",\"name\":\"Lece Online\",\"description\":\"Comit\u00e9 Espa\u00f1ol de la Liga Europea de Cooperaci\u00f3n Econ\u00f3mica (LECE)\",\"potentialAction\":[{\"@type\":\"SearchAction\",\"target\":{\"@type\":\"EntryPoint\",\"urlTemplate\":\"https:\/\/www.leceonline.org\/?s={search_term_string}\"},\"query-input\":{\"@type\":\"PropertyValueSpecification\",\"valueRequired\":true,\"valueName\":\"search_term_string\"}}],\"inLanguage\":\"en-US\"},{\"@type\":\"Person\",\"@id\":\"https:\/\/www.leceonline.org\/#\/schema\/person\/97715c9d9f0168f7d8a020b912b04e9b\",\"name\":\"leceonline\",\"image\":{\"@type\":\"ImageObject\",\"inLanguage\":\"en-US\",\"@id\":\"https:\/\/www.leceonline.org\/#\/schema\/person\/image\/\",\"url\":\"https:\/\/secure.gravatar.com\/avatar\/af029eeaee171717243ada7857dec35925251d9d883cadc1e4fb3c8d1283bd19?s=96&d=mm&r=g\",\"contentUrl\":\"https:\/\/secure.gravatar.com\/avatar\/af029eeaee171717243ada7857dec35925251d9d883cadc1e4fb3c8d1283bd19?s=96&d=mm&r=g\",\"caption\":\"leceonline\"}}]}<\/script>\n<!-- \/ Yoast SEO plugin. -->","yoast_head_json":{"title":"Von der Leyen refuerza la lucha contra la discriminaci\u00f3n sexual - Lece Online","description":"La presidenta de la Comisi\u00f3n Europea, quiere reforzar la lucha contra la discriminaci\u00f3n sexual y la legislaci\u00f3n para la igualdad de g\u00e9nero.","robots":{"index":"index","follow":"follow","max-snippet":"max-snippet:-1","max-image-preview":"max-image-preview:large","max-video-preview":"max-video-preview:-1"},"canonical":"https:\/\/www.leceonline.org\/en\/von-der-leyen-ue-lucha-contra-discriminacion-sexual\/","og_locale":"en_US","og_type":"article","og_title":"Von der Leyen refuerza la lucha contra la discriminaci\u00f3n sexual - Lece Online","og_description":"La presidenta de la Comisi\u00f3n Europea, quiere reforzar la lucha contra la discriminaci\u00f3n sexual y la legislaci\u00f3n para la igualdad de g\u00e9nero.","og_url":"https:\/\/www.leceonline.org\/en\/von-der-leyen-ue-lucha-contra-discriminacion-sexual\/","og_site_name":"Lece Online","article_published_time":"2021-05-10T14:11:15+00:00","article_modified_time":"2021-05-10T16:13:27+00:00","og_image":[{"width":630,"height":842,"url":"https:\/\/www.leceonline.org\/custom\/uploads\/2021\/05\/Captura-de-Pantalla-2021-05-10-a-les-16.05.51.png","type":"image\/png"}],"author":"leceonline","twitter_card":"summary_large_image","twitter_misc":{"Written by":"leceonline","Est. reading time":"1 minute"},"schema":{"@context":"https:\/\/schema.org","@graph":[{"@type":"WebPage","@id":"https:\/\/www.leceonline.org\/en\/von-der-leyen-ue-lucha-contra-discriminacion-sexual\/","url":"https:\/\/www.leceonline.org\/en\/von-der-leyen-ue-lucha-contra-discriminacion-sexual\/","name":"Von der Leyen refuerza la lucha contra la discriminaci\u00f3n sexual - Lece Online","isPartOf":{"@id":"https:\/\/www.leceonline.org\/#website"},"primaryImageOfPage":{"@id":"https:\/\/www.leceonline.org\/en\/von-der-leyen-ue-lucha-contra-discriminacion-sexual\/#primaryimage"},"image":{"@id":"https:\/\/www.leceonline.org\/en\/von-der-leyen-ue-lucha-contra-discriminacion-sexual\/#primaryimage"},"thumbnailUrl":"https:\/\/www.leceonline.org\/custom\/uploads\/2021\/05\/Captura-de-Pantalla-2021-05-10-a-les-16.05.51.png","datePublished":"2021-05-10T14:11:15+00:00","dateModified":"2021-05-10T16:13:27+00:00","author":{"@id":"https:\/\/www.leceonline.org\/#\/schema\/person\/97715c9d9f0168f7d8a020b912b04e9b"},"description":"La presidenta de la Comisi\u00f3n Europea, quiere reforzar la lucha contra la discriminaci\u00f3n sexual y la legislaci\u00f3n para la igualdad de g\u00e9nero.","breadcrumb":{"@id":"https:\/\/www.leceonline.org\/en\/von-der-leyen-ue-lucha-contra-discriminacion-sexual\/#breadcrumb"},"inLanguage":"en-US","potentialAction":[{"@type":"ReadAction","target":["https:\/\/www.leceonline.org\/en\/von-der-leyen-ue-lucha-contra-discriminacion-sexual\/"]}]},{"@type":"ImageObject","inLanguage":"en-US","@id":"https:\/\/www.leceonline.org\/en\/von-der-leyen-ue-lucha-contra-discriminacion-sexual\/#primaryimage","url":"https:\/\/www.leceonline.org\/custom\/uploads\/2021\/05\/Captura-de-Pantalla-2021-05-10-a-les-16.05.51.png","contentUrl":"https:\/\/www.leceonline.org\/custom\/uploads\/2021\/05\/Captura-de-Pantalla-2021-05-10-a-les-16.05.51.png","width":630,"height":842},{"@type":"BreadcrumbList","@id":"https:\/\/www.leceonline.org\/en\/von-der-leyen-ue-lucha-contra-discriminacion-sexual\/#breadcrumb","itemListElement":[{"@type":"ListItem","position":1,"name":"Portada","item":"https:\/\/www.leceonline.org\/en\/"},{"@type":"ListItem","position":2,"name":"Von der Leyen refuerza la lucha contra la discriminaci\u00f3n sexual"}]},{"@type":"WebSite","@id":"https:\/\/www.leceonline.org\/#website","url":"https:\/\/www.leceonline.org\/","name":"Lece Online","description":"Comit\u00e9 Espa\u00f1ol de la Liga Europea de Cooperaci\u00f3n Econ\u00f3mica (LECE)","potentialAction":[{"@type":"SearchAction","target":{"@type":"EntryPoint","urlTemplate":"https:\/\/www.leceonline.org\/?s={search_term_string}"},"query-input":{"@type":"PropertyValueSpecification","valueRequired":true,"valueName":"search_term_string"}}],"inLanguage":"en-US"},{"@type":"Person","@id":"https:\/\/www.leceonline.org\/#\/schema\/person\/97715c9d9f0168f7d8a020b912b04e9b","name":"leceonline","image":{"@type":"ImageObject","inLanguage":"en-US","@id":"https:\/\/www.leceonline.org\/#\/schema\/person\/image\/","url":"https:\/\/secure.gravatar.com\/avatar\/af029eeaee171717243ada7857dec35925251d9d883cadc1e4fb3c8d1283bd19?s=96&d=mm&r=g","contentUrl":"https:\/\/secure.gravatar.com\/avatar\/af029eeaee171717243ada7857dec35925251d9d883cadc1e4fb3c8d1283bd19?s=96&d=mm&r=g","caption":"leceonline"}}]}},"_links":{"self":[{"href":"https:\/\/www.leceonline.org\/en\/wp-json\/wp\/v2\/posts\/4399","targetHints":{"allow":["GET"]}}],"collection":[{"href":"https:\/\/www.leceonline.org\/en\/wp-json\/wp\/v2\/posts"}],"about":[{"href":"https:\/\/www.leceonline.org\/en\/wp-json\/wp\/v2\/types\/post"}],"author":[{"embeddable":true,"href":"https:\/\/www.leceonline.org\/en\/wp-json\/wp\/v2\/users\/1"}],"replies":[{"embeddable":true,"href":"https:\/\/www.leceonline.org\/en\/wp-json\/wp\/v2\/comments?post=4399"}],"version-history":[{"count":0,"href":"https:\/\/www.leceonline.org\/en\/wp-json\/wp\/v2\/posts\/4399\/revisions"}],"wp:featuredmedia":[{"embeddable":true,"href":"https:\/\/www.leceonline.org\/en\/wp-json\/wp\/v2\/media\/4394"}],"wp:attachment":[{"href":"https:\/\/www.leceonline.org\/en\/wp-json\/wp\/v2\/media?parent=4399"}],"wp:term":[{"taxonomy":"category","embeddable":true,"href":"https:\/\/www.leceonline.org\/en\/wp-json\/wp\/v2\/categories?post=4399"},{"taxonomy":"post_tag","embeddable":true,"href":"https:\/\/www.leceonline.org\/en\/wp-json\/wp\/v2\/tags?post=4399"}],"curies":[{"name":"wp","href":"https:\/\/api.w.org\/{rel}","templated":true}]}}