{"id":5346,"date":"2023-10-16T14:47:02","date_gmt":"2023-10-16T14:47:02","guid":{"rendered":"https:\/\/www.leceonline.org\/jornada-sobre-el-mercado-unico-de-la-energia-en-la-ue\/"},"modified":"2023-10-16T14:47:02","modified_gmt":"2023-10-16T14:47:02","slug":"jornada-sobre-el-mercado-unico-de-la-energia-en-la-ue","status":"publish","type":"post","link":"https:\/\/www.leceonline.org\/en\/jornada-sobre-el-mercado-unico-de-la-energia-en-la-ue\/","title":{"rendered":"Jornada sobre el Mercado \u00danico de la Energ\u00eda en la UE"},"content":{"rendered":"<p>El Mercado \u00danico de la Energ\u00eda en la Uni\u00f3n Europea ser\u00e1 el tema de la Jornada de Energ\u00eda que celebraremos el pr\u00f3ximo dia 16 de noviembre en la Escuela T\u00e9cnica Superior de Ingenieros de Minas y Energ\u00eda de Madrid. El acto lo organiza el Comit\u00e9 Central de la LECE, en colaboraci\u00f3n con el Comit\u00e9 Espa\u00f1ol de la LECE.<\/p>\n<p>En <a href=\"http:\/\/www.leceonline.org\/custom\/uploads\/2023\/10\/Evento-Energia-LECE-Noviembre-2023-1.pdf\">este enlace<\/a> se puede acceder al Programa provisional de la Jornada<\/p>\n<p>DIA: 16\/11\/2023<br \/>\nHORA: De 9.00 a 14.00h<br \/>\nLUGAR: Escuela T\u00e9cnica Superior de Ingenieros de Minas y Energ\u00eda (ETSIME)<br \/>\nCalle de Rios Rosas, 21 Madrid<br \/>\nORGANIZA: Comit\u00e9 Central de la LECE, en colaboraci\u00f3n con el Comit\u00e9 Espa\u00f1ol de la LECE. Colaboran la Asociaci\u00f3n Espa\u00f1ola de Peque\u00f1os Productores de Energ\u00edas Renovables (APPA) y ENTIBA Energy. Patrocinan: Naturgy, Deloitte, CaixaBank, Carburos Metalicos Air Products y BBVA<\/p>\n","protected":false},"excerpt":{"rendered":"<p>El Comit\u00e9 Central de la LECE, en colaboraci\u00f3n con el Comit\u00e9 Espa\u00f1ol de la LECE organizan una Jornada sobre Energ\u00eda con representantes europeos.<\/p>\n","protected":false},"author":1,"featured_media":5338,"comment_status":"open","ping_status":"open","sticky":false,"template":"","format":"standard","meta":{"_acf_changed":false,"footnotes":""},"categories":[35,3],"tags":[],"class_list":["post-5346","post","type-post","status-publish","format-standard","has-post-thumbnail","hentry","category-conferences-meetings-en","category-news-en"],"acf":[],"yoast_head":"<!-- This site is optimized with the Yoast SEO plugin v25.9 - https:\/\/yoast.com\/wordpress\/plugins\/seo\/ -->\n<title>Jornada sobre el Mercado \u00danico de la Energ\u00eda en la UE - Lece Online<\/title>\n<meta name=\"robots\" content=\"index, follow, max-snippet:-1, max-image-preview:large, max-video-preview:-1\" \/>\n<link rel=\"canonical\" href=\"https:\/\/www.leceonline.org\/en\/jornada-sobre-el-mercado-unico-de-la-energia-en-la-ue\/\" \/>\n<meta property=\"og:locale\" content=\"en_US\" \/>\n<meta property=\"og:type\" content=\"article\" \/>\n<meta property=\"og:title\" content=\"Jornada sobre el Mercado \u00danico de la Energ\u00eda en la UE - Lece Online\" \/>\n<meta property=\"og:description\" content=\"El Comit\u00e9 Central de la LECE, en colaboraci\u00f3n con el Comit\u00e9 Espa\u00f1ol de la LECE organizan una Jornada sobre Energ\u00eda con representantes europeos.\" \/>\n<meta property=\"og:url\" content=\"https:\/\/www.leceonline.org\/en\/jornada-sobre-el-mercado-unico-de-la-energia-en-la-ue\/\" \/>\n<meta property=\"og:site_name\" content=\"Lece Online\" \/>\n<meta property=\"article:published_time\" content=\"2023-10-16T14:47:02+00:00\" \/>\n<meta name=\"author\" content=\"leceonline\" \/>\n<meta name=\"twitter:card\" content=\"summary_large_image\" \/>\n<meta name=\"twitter:label1\" content=\"Written by\" \/>\n\t<meta name=\"twitter:data1\" content=\"leceonline\" \/>\n\t<meta name=\"twitter:label2\" content=\"Est. reading time\" \/>\n\t<meta name=\"twitter:data2\" content=\"1 minute\" \/>\n<script type=\"application\/ld+json\" class=\"yoast-schema-graph\">{\"@context\":\"https:\/\/schema.org\",\"@graph\":[{\"@type\":\"WebPage\",\"@id\":\"https:\/\/www.leceonline.org\/en\/jornada-sobre-el-mercado-unico-de-la-energia-en-la-ue\/\",\"url\":\"https:\/\/www.leceonline.org\/en\/jornada-sobre-el-mercado-unico-de-la-energia-en-la-ue\/\",\"name\":\"Jornada sobre el Mercado \u00danico de la Energ\u00eda en la UE - Lece Online\",\"isPartOf\":{\"@id\":\"https:\/\/www.leceonline.org\/#website\"},\"primaryImageOfPage\":{\"@id\":\"https:\/\/www.leceonline.org\/en\/jornada-sobre-el-mercado-unico-de-la-energia-en-la-ue\/#primaryimage\"},\"image\":{\"@id\":\"https:\/\/www.leceonline.org\/en\/jornada-sobre-el-mercado-unico-de-la-energia-en-la-ue\/#primaryimage\"},\"thumbnailUrl\":\"https:\/\/www.leceonline.org\/custom\/uploads\/2023\/10\/energy-saving-7464555_640.jpg\",\"datePublished\":\"2023-10-16T14:47:02+00:00\",\"author\":{\"@id\":\"https:\/\/www.leceonline.org\/#\/schema\/person\/97715c9d9f0168f7d8a020b912b04e9b\"},\"breadcrumb\":{\"@id\":\"https:\/\/www.leceonline.org\/en\/jornada-sobre-el-mercado-unico-de-la-energia-en-la-ue\/#breadcrumb\"},\"inLanguage\":\"en-US\",\"potentialAction\":[{\"@type\":\"ReadAction\",\"target\":[\"https:\/\/www.leceonline.org\/en\/jornada-sobre-el-mercado-unico-de-la-energia-en-la-ue\/\"]}]},{\"@type\":\"ImageObject\",\"inLanguage\":\"en-US\",\"@id\":\"https:\/\/www.leceonline.org\/en\/jornada-sobre-el-mercado-unico-de-la-energia-en-la-ue\/#primaryimage\",\"url\":\"https:\/\/www.leceonline.org\/custom\/uploads\/2023\/10\/energy-saving-7464555_640.jpg\",\"contentUrl\":\"https:\/\/www.leceonline.org\/custom\/uploads\/2023\/10\/energy-saving-7464555_640.jpg\",\"width\":640,\"height\":427},{\"@type\":\"BreadcrumbList\",\"@id\":\"https:\/\/www.leceonline.org\/en\/jornada-sobre-el-mercado-unico-de-la-energia-en-la-ue\/#breadcrumb\",\"itemListElement\":[{\"@type\":\"ListItem\",\"position\":1,\"name\":\"Portada\",\"item\":\"https:\/\/www.leceonline.org\/en\/\"},{\"@type\":\"ListItem\",\"position\":2,\"name\":\"Jornada sobre el Mercado \u00danico de la Energ\u00eda en la UE\"}]},{\"@type\":\"WebSite\",\"@id\":\"https:\/\/www.leceonline.org\/#website\",\"url\":\"https:\/\/www.leceonline.org\/\",\"name\":\"Lece Online\",\"description\":\"Comit\u00e9 Espa\u00f1ol de la Liga Europea de Cooperaci\u00f3n Econ\u00f3mica (LECE)\",\"potentialAction\":[{\"@type\":\"SearchAction\",\"target\":{\"@type\":\"EntryPoint\",\"urlTemplate\":\"https:\/\/www.leceonline.org\/?s={search_term_string}\"},\"query-input\":{\"@type\":\"PropertyValueSpecification\",\"valueRequired\":true,\"valueName\":\"search_term_string\"}}],\"inLanguage\":\"en-US\"},{\"@type\":\"Person\",\"@id\":\"https:\/\/www.leceonline.org\/#\/schema\/person\/97715c9d9f0168f7d8a020b912b04e9b\",\"name\":\"leceonline\",\"image\":{\"@type\":\"ImageObject\",\"inLanguage\":\"en-US\",\"@id\":\"https:\/\/www.leceonline.org\/#\/schema\/person\/image\/\",\"url\":\"https:\/\/secure.gravatar.com\/avatar\/af029eeaee171717243ada7857dec35925251d9d883cadc1e4fb3c8d1283bd19?s=96&d=mm&r=g\",\"contentUrl\":\"https:\/\/secure.gravatar.com\/avatar\/af029eeaee171717243ada7857dec35925251d9d883cadc1e4fb3c8d1283bd19?s=96&d=mm&r=g\",\"caption\":\"leceonline\"}}]}<\/script>\n<!-- \/ Yoast SEO plugin. -->","yoast_head_json":{"title":"Jornada sobre el Mercado \u00danico de la Energ\u00eda en la UE - Lece Online","robots":{"index":"index","follow":"follow","max-snippet":"max-snippet:-1","max-image-preview":"max-image-preview:large","max-video-preview":"max-video-preview:-1"},"canonical":"https:\/\/www.leceonline.org\/en\/jornada-sobre-el-mercado-unico-de-la-energia-en-la-ue\/","og_locale":"en_US","og_type":"article","og_title":"Jornada sobre el Mercado \u00danico de la Energ\u00eda en la UE - Lece Online","og_description":"El Comit\u00e9 Central de la LECE, en colaboraci\u00f3n con el Comit\u00e9 Espa\u00f1ol de la LECE organizan una Jornada sobre Energ\u00eda con representantes europeos.","og_url":"https:\/\/www.leceonline.org\/en\/jornada-sobre-el-mercado-unico-de-la-energia-en-la-ue\/","og_site_name":"Lece Online","article_published_time":"2023-10-16T14:47:02+00:00","author":"leceonline","twitter_card":"summary_large_image","twitter_misc":{"Written by":"leceonline","Est. reading time":"1 minute"},"schema":{"@context":"https:\/\/schema.org","@graph":[{"@type":"WebPage","@id":"https:\/\/www.leceonline.org\/en\/jornada-sobre-el-mercado-unico-de-la-energia-en-la-ue\/","url":"https:\/\/www.leceonline.org\/en\/jornada-sobre-el-mercado-unico-de-la-energia-en-la-ue\/","name":"Jornada sobre el Mercado \u00danico de la Energ\u00eda en la UE - Lece Online","isPartOf":{"@id":"https:\/\/www.leceonline.org\/#website"},"primaryImageOfPage":{"@id":"https:\/\/www.leceonline.org\/en\/jornada-sobre-el-mercado-unico-de-la-energia-en-la-ue\/#primaryimage"},"image":{"@id":"https:\/\/www.leceonline.org\/en\/jornada-sobre-el-mercado-unico-de-la-energia-en-la-ue\/#primaryimage"},"thumbnailUrl":"https:\/\/www.leceonline.org\/custom\/uploads\/2023\/10\/energy-saving-7464555_640.jpg","datePublished":"2023-10-16T14:47:02+00:00","author":{"@id":"https:\/\/www.leceonline.org\/#\/schema\/person\/97715c9d9f0168f7d8a020b912b04e9b"},"breadcrumb":{"@id":"https:\/\/www.leceonline.org\/en\/jornada-sobre-el-mercado-unico-de-la-energia-en-la-ue\/#breadcrumb"},"inLanguage":"en-US","potentialAction":[{"@type":"ReadAction","target":["https:\/\/www.leceonline.org\/en\/jornada-sobre-el-mercado-unico-de-la-energia-en-la-ue\/"]}]},{"@type":"ImageObject","inLanguage":"en-US","@id":"https:\/\/www.leceonline.org\/en\/jornada-sobre-el-mercado-unico-de-la-energia-en-la-ue\/#primaryimage","url":"https:\/\/www.leceonline.org\/custom\/uploads\/2023\/10\/energy-saving-7464555_640.jpg","contentUrl":"https:\/\/www.leceonline.org\/custom\/uploads\/2023\/10\/energy-saving-7464555_640.jpg","width":640,"height":427},{"@type":"BreadcrumbList","@id":"https:\/\/www.leceonline.org\/en\/jornada-sobre-el-mercado-unico-de-la-energia-en-la-ue\/#breadcrumb","itemListElement":[{"@type":"ListItem","position":1,"name":"Portada","item":"https:\/\/www.leceonline.org\/en\/"},{"@type":"ListItem","position":2,"name":"Jornada sobre el Mercado \u00danico de la Energ\u00eda en la UE"}]},{"@type":"WebSite","@id":"https:\/\/www.leceonline.org\/#website","url":"https:\/\/www.leceonline.org\/","name":"Lece Online","description":"Comit\u00e9 Espa\u00f1ol de la Liga Europea de Cooperaci\u00f3n Econ\u00f3mica (LECE)","potentialAction":[{"@type":"SearchAction","target":{"@type":"EntryPoint","urlTemplate":"https:\/\/www.leceonline.org\/?s={search_term_string}"},"query-input":{"@type":"PropertyValueSpecification","valueRequired":true,"valueName":"search_term_string"}}],"inLanguage":"en-US"},{"@type":"Person","@id":"https:\/\/www.leceonline.org\/#\/schema\/person\/97715c9d9f0168f7d8a020b912b04e9b","name":"leceonline","image":{"@type":"ImageObject","inLanguage":"en-US","@id":"https:\/\/www.leceonline.org\/#\/schema\/person\/image\/","url":"https:\/\/secure.gravatar.com\/avatar\/af029eeaee171717243ada7857dec35925251d9d883cadc1e4fb3c8d1283bd19?s=96&d=mm&r=g","contentUrl":"https:\/\/secure.gravatar.com\/avatar\/af029eeaee171717243ada7857dec35925251d9d883cadc1e4fb3c8d1283bd19?s=96&d=mm&r=g","caption":"leceonline"}}]}},"_links":{"self":[{"href":"https:\/\/www.leceonline.org\/en\/wp-json\/wp\/v2\/posts\/5346","targetHints":{"allow":["GET"]}}],"collection":[{"href":"https:\/\/www.leceonline.org\/en\/wp-json\/wp\/v2\/posts"}],"about":[{"href":"https:\/\/www.leceonline.org\/en\/wp-json\/wp\/v2\/types\/post"}],"author":[{"embeddable":true,"href":"https:\/\/www.leceonline.org\/en\/wp-json\/wp\/v2\/users\/1"}],"replies":[{"embeddable":true,"href":"https:\/\/www.leceonline.org\/en\/wp-json\/wp\/v2\/comments?post=5346"}],"version-history":[{"count":0,"href":"https:\/\/www.leceonline.org\/en\/wp-json\/wp\/v2\/posts\/5346\/revisions"}],"wp:featuredmedia":[{"embeddable":true,"href":"https:\/\/www.leceonline.org\/en\/wp-json\/wp\/v2\/media\/5338"}],"wp:attachment":[{"href":"https:\/\/www.leceonline.org\/en\/wp-json\/wp\/v2\/media?parent=5346"}],"wp:term":[{"taxonomy":"category","embeddable":true,"href":"https:\/\/www.leceonline.org\/en\/wp-json\/wp\/v2\/categories?post=5346"},{"taxonomy":"post_tag","embeddable":true,"href":"https:\/\/www.leceonline.org\/en\/wp-json\/wp\/v2\/tags?post=5346"}],"curies":[{"name":"wp","href":"https:\/\/api.w.org\/{rel}","templated":true}]}}