{"id":5426,"date":"2023-11-24T14:57:19","date_gmt":"2023-11-24T14:57:19","guid":{"rendered":"https:\/\/www.leceonline.org\/hacia-un-mercado-unico-de-la-energia-en-la-ue\/"},"modified":"2023-11-24T14:57:19","modified_gmt":"2023-11-24T14:57:19","slug":"hacia-un-mercado-unico-de-la-energia-en-la-ue","status":"publish","type":"post","link":"https:\/\/www.leceonline.org\/en\/hacia-un-mercado-unico-de-la-energia-en-la-ue\/","title":{"rendered":"Hacia un Mercado \u00danico de la Energ\u00eda en la UE"},"content":{"rendered":"<p>Bajo el t\u00edtulo &#8220;Hacia la Re-Potenciaci\u00f3n del Mercado \u00danico de la Energ\u00eda en la UE&#8221;, el Comit\u00e9 Central de la LECE, junto con el Comit\u00e9 Espa\u00f1ol de la LECE organiz\u00f3\u00a0 este evento con expertos, l\u00edderes de la industria y representantes gubernamentales para reflexionar sobre el camino a seguir despu\u00e9s de dos a\u00f1os de crisis energ\u00e9tica sin precedentes.<\/p>\n<p>El evento celebrado en Madrid el pasado 16 de novembre sirvi\u00f3 para debatir sobre el futuro energ\u00e9tico de la Uni\u00f3n Europea (UE). Cabe remarcar que la UE emergi\u00f3 de la crisis energ\u00e9tica con determinaci\u00f3n, respondiendo colectiva y efectivamente. La transici\u00f3n energ\u00e9tica se aceler\u00f3, se implement\u00f3 el Plan REPowerEU y se establecieron medidas legislativas de emergencia para garantizar la estabilidad del suministro y aliviar la presi\u00f3n sobre los precios de la energ\u00eda y los consumidores. Estos esfuerzos se sumaron a la reforma estructural del sistema energ\u00e9tico iniciada en 2019 con el Pacto Verde Europeo.<\/p>\n<p>En 2022, la UE logr\u00f3 hitos significativos, con el 39% de la electricidad generada a trav\u00e9s de energ\u00edas renovables y la reducci\u00f3n del 3% en las emisiones de gases de efecto invernadero. Sin embargo, persisten desaf\u00edos: la vulnerabilidad de los mercados energ\u00e9ticos, el aumento de las ayudas a los combustibles f\u00f3siles durante la crisis y la necesidad de proteger la infraestructura cr\u00edtica de dependencias externas.<\/p>\n<p>Ahora, bajo la presidencia rotativa de la UE, Espa\u00f1a ha logrado un acuerdo crucial sobre la reforma del mercado el\u00e9ctrico. Este acuerdo, pendiente de la aprobaci\u00f3n final entre el consejo y la Euroc\u00e1mara, promete desplegar mayores inversiones en tecnolog\u00edas renovables y redes el\u00e9ctricas.<\/p>\n<p>El evento se abri\u00f3 con palabras de la presidenta de la Comisi\u00f3n Nacional de los Mercados y la Competencia, Cani Fern\u00e1ndez. Continuaron la jefa de Unidad de la TF2 de la Direcci\u00f3n General de Energ\u00eda de la Comisi\u00f3n Europea, Yolanda Garc\u00eda Mezquita, y el presidente de la Fundaci\u00f3n Naturgy, Rafael Villaseca. Previamente hubo la apertura por parte de Francisco Elorza Tenreiro, Director de ETSIME, seguido de una introducci\u00f3n de Francesc Homs, Presidente del Comit\u00e9 Espa\u00f1ol de la LECE<\/p>\n<p>La jornada incluy\u00f3 una mesa redonda moderada por Rocio Hortig\u00fcela, CEO de Entiba Energy, donde expertos debatieron el desarrollo del c\u00edrculo virtuoso en energ\u00eda y c\u00f3mo los proyectos sostenibles pueden atraer inversiones a largo plazo. Hablaron la directora de Producto del H2. Carburos Met\u00e1licos, Julia Romeu: el COO de Grenergy Renovables, Pablo Ot\u00edn; el responsable global de Energ\u00eda de BBVA, Carlos Zuloaga; el managing Director Energ\u00eda de Caixabank, Ricardo Barrenechea; el director general APPA Renovables, Jos\u00e9 Maria Gonz\u00e1lez y el socio de Monitor Deloitte en el sector Energ\u00eda, Laureano \u00c1lvarez.<\/p>\n<p>Javier Arias, Presidente de LECE Internacional, cerr\u00f3 el evento con valiosas conclusiones. Este evento se posiciona como un hito en el viaje hacia un mercado \u00fanico de energ\u00eda potenciado y sostenible en la UE, marcando el compromiso continuo hacia una energ\u00eda asequible, segura y accesible.<\/p>\n","protected":false},"excerpt":{"rendered":"<p>\u00c9xito de la Jornada en Madrid de la LECE con expertos, l\u00edderes de la industria y representantes gubernamentales para reflexionar sobre el camino a seguir hacia un Mercado \u00danico de la energ\u00eda en la UE.<\/p>\n","protected":false},"author":1,"featured_media":5423,"comment_status":"open","ping_status":"open","sticky":false,"template":"","format":"standard","meta":{"_acf_changed":false,"footnotes":""},"categories":[35],"tags":[],"class_list":["post-5426","post","type-post","status-publish","format-standard","has-post-thumbnail","hentry","category-conferences-meetings-en"],"acf":[],"yoast_head":"<!-- This site is optimized with the Yoast SEO plugin v25.9 - https:\/\/yoast.com\/wordpress\/plugins\/seo\/ -->\n<title>Hacia un Mercado \u00danico de la Energ\u00eda en la UE - Lece Online<\/title>\n<meta name=\"robots\" content=\"index, follow, max-snippet:-1, max-image-preview:large, max-video-preview:-1\" \/>\n<link rel=\"canonical\" href=\"https:\/\/www.leceonline.org\/en\/hacia-un-mercado-unico-de-la-energia-en-la-ue\/\" \/>\n<meta property=\"og:locale\" content=\"en_US\" \/>\n<meta property=\"og:type\" content=\"article\" \/>\n<meta property=\"og:title\" content=\"Hacia un Mercado \u00danico de la Energ\u00eda en la UE - Lece Online\" \/>\n<meta property=\"og:description\" content=\"\u00c9xito de la Jornada en Madrid de la LECE con expertos, l\u00edderes de la industria y representantes gubernamentales para reflexionar sobre el camino a seguir hacia un Mercado \u00danico de la energ\u00eda en la UE.\" \/>\n<meta property=\"og:url\" content=\"https:\/\/www.leceonline.org\/en\/hacia-un-mercado-unico-de-la-energia-en-la-ue\/\" \/>\n<meta property=\"og:site_name\" content=\"Lece Online\" \/>\n<meta property=\"article:published_time\" content=\"2023-11-24T14:57:19+00:00\" \/>\n<meta name=\"author\" content=\"leceonline\" \/>\n<meta name=\"twitter:card\" content=\"summary_large_image\" \/>\n<meta name=\"twitter:label1\" content=\"Written by\" \/>\n\t<meta name=\"twitter:data1\" content=\"leceonline\" \/>\n\t<meta name=\"twitter:label2\" content=\"Est. reading time\" \/>\n\t<meta name=\"twitter:data2\" content=\"3 minutes\" \/>\n<script type=\"application\/ld+json\" class=\"yoast-schema-graph\">{\"@context\":\"https:\/\/schema.org\",\"@graph\":[{\"@type\":\"WebPage\",\"@id\":\"https:\/\/www.leceonline.org\/en\/hacia-un-mercado-unico-de-la-energia-en-la-ue\/\",\"url\":\"https:\/\/www.leceonline.org\/en\/hacia-un-mercado-unico-de-la-energia-en-la-ue\/\",\"name\":\"Hacia un Mercado \u00danico de la Energ\u00eda en la UE - Lece Online\",\"isPartOf\":{\"@id\":\"https:\/\/www.leceonline.org\/#website\"},\"primaryImageOfPage\":{\"@id\":\"https:\/\/www.leceonline.org\/en\/hacia-un-mercado-unico-de-la-energia-en-la-ue\/#primaryimage\"},\"image\":{\"@id\":\"https:\/\/www.leceonline.org\/en\/hacia-un-mercado-unico-de-la-energia-en-la-ue\/#primaryimage\"},\"thumbnailUrl\":\"https:\/\/www.leceonline.org\/custom\/uploads\/2023\/11\/fotoleceenergia.jpg\",\"datePublished\":\"2023-11-24T14:57:19+00:00\",\"author\":{\"@id\":\"https:\/\/www.leceonline.org\/#\/schema\/person\/97715c9d9f0168f7d8a020b912b04e9b\"},\"breadcrumb\":{\"@id\":\"https:\/\/www.leceonline.org\/en\/hacia-un-mercado-unico-de-la-energia-en-la-ue\/#breadcrumb\"},\"inLanguage\":\"en-US\",\"potentialAction\":[{\"@type\":\"ReadAction\",\"target\":[\"https:\/\/www.leceonline.org\/en\/hacia-un-mercado-unico-de-la-energia-en-la-ue\/\"]}]},{\"@type\":\"ImageObject\",\"inLanguage\":\"en-US\",\"@id\":\"https:\/\/www.leceonline.org\/en\/hacia-un-mercado-unico-de-la-energia-en-la-ue\/#primaryimage\",\"url\":\"https:\/\/www.leceonline.org\/custom\/uploads\/2023\/11\/fotoleceenergia.jpg\",\"contentUrl\":\"https:\/\/www.leceonline.org\/custom\/uploads\/2023\/11\/fotoleceenergia.jpg\",\"width\":1695,\"height\":1022},{\"@type\":\"BreadcrumbList\",\"@id\":\"https:\/\/www.leceonline.org\/en\/hacia-un-mercado-unico-de-la-energia-en-la-ue\/#breadcrumb\",\"itemListElement\":[{\"@type\":\"ListItem\",\"position\":1,\"name\":\"Portada\",\"item\":\"https:\/\/www.leceonline.org\/en\/\"},{\"@type\":\"ListItem\",\"position\":2,\"name\":\"Hacia un Mercado \u00danico de la Energ\u00eda en la UE\"}]},{\"@type\":\"WebSite\",\"@id\":\"https:\/\/www.leceonline.org\/#website\",\"url\":\"https:\/\/www.leceonline.org\/\",\"name\":\"Lece Online\",\"description\":\"Comit\u00e9 Espa\u00f1ol de la Liga Europea de Cooperaci\u00f3n Econ\u00f3mica (LECE)\",\"potentialAction\":[{\"@type\":\"SearchAction\",\"target\":{\"@type\":\"EntryPoint\",\"urlTemplate\":\"https:\/\/www.leceonline.org\/?s={search_term_string}\"},\"query-input\":{\"@type\":\"PropertyValueSpecification\",\"valueRequired\":true,\"valueName\":\"search_term_string\"}}],\"inLanguage\":\"en-US\"},{\"@type\":\"Person\",\"@id\":\"https:\/\/www.leceonline.org\/#\/schema\/person\/97715c9d9f0168f7d8a020b912b04e9b\",\"name\":\"leceonline\",\"image\":{\"@type\":\"ImageObject\",\"inLanguage\":\"en-US\",\"@id\":\"https:\/\/www.leceonline.org\/#\/schema\/person\/image\/\",\"url\":\"https:\/\/secure.gravatar.com\/avatar\/af029eeaee171717243ada7857dec35925251d9d883cadc1e4fb3c8d1283bd19?s=96&d=mm&r=g\",\"contentUrl\":\"https:\/\/secure.gravatar.com\/avatar\/af029eeaee171717243ada7857dec35925251d9d883cadc1e4fb3c8d1283bd19?s=96&d=mm&r=g\",\"caption\":\"leceonline\"}}]}<\/script>\n<!-- \/ Yoast SEO plugin. -->","yoast_head_json":{"title":"Hacia un Mercado \u00danico de la Energ\u00eda en la UE - Lece Online","robots":{"index":"index","follow":"follow","max-snippet":"max-snippet:-1","max-image-preview":"max-image-preview:large","max-video-preview":"max-video-preview:-1"},"canonical":"https:\/\/www.leceonline.org\/en\/hacia-un-mercado-unico-de-la-energia-en-la-ue\/","og_locale":"en_US","og_type":"article","og_title":"Hacia un Mercado \u00danico de la Energ\u00eda en la UE - Lece Online","og_description":"\u00c9xito de la Jornada en Madrid de la LECE con expertos, l\u00edderes de la industria y representantes gubernamentales para reflexionar sobre el camino a seguir hacia un Mercado \u00danico de la energ\u00eda en la UE.","og_url":"https:\/\/www.leceonline.org\/en\/hacia-un-mercado-unico-de-la-energia-en-la-ue\/","og_site_name":"Lece Online","article_published_time":"2023-11-24T14:57:19+00:00","author":"leceonline","twitter_card":"summary_large_image","twitter_misc":{"Written by":"leceonline","Est. reading time":"3 minutes"},"schema":{"@context":"https:\/\/schema.org","@graph":[{"@type":"WebPage","@id":"https:\/\/www.leceonline.org\/en\/hacia-un-mercado-unico-de-la-energia-en-la-ue\/","url":"https:\/\/www.leceonline.org\/en\/hacia-un-mercado-unico-de-la-energia-en-la-ue\/","name":"Hacia un Mercado \u00danico de la Energ\u00eda en la UE - Lece Online","isPartOf":{"@id":"https:\/\/www.leceonline.org\/#website"},"primaryImageOfPage":{"@id":"https:\/\/www.leceonline.org\/en\/hacia-un-mercado-unico-de-la-energia-en-la-ue\/#primaryimage"},"image":{"@id":"https:\/\/www.leceonline.org\/en\/hacia-un-mercado-unico-de-la-energia-en-la-ue\/#primaryimage"},"thumbnailUrl":"https:\/\/www.leceonline.org\/custom\/uploads\/2023\/11\/fotoleceenergia.jpg","datePublished":"2023-11-24T14:57:19+00:00","author":{"@id":"https:\/\/www.leceonline.org\/#\/schema\/person\/97715c9d9f0168f7d8a020b912b04e9b"},"breadcrumb":{"@id":"https:\/\/www.leceonline.org\/en\/hacia-un-mercado-unico-de-la-energia-en-la-ue\/#breadcrumb"},"inLanguage":"en-US","potentialAction":[{"@type":"ReadAction","target":["https:\/\/www.leceonline.org\/en\/hacia-un-mercado-unico-de-la-energia-en-la-ue\/"]}]},{"@type":"ImageObject","inLanguage":"en-US","@id":"https:\/\/www.leceonline.org\/en\/hacia-un-mercado-unico-de-la-energia-en-la-ue\/#primaryimage","url":"https:\/\/www.leceonline.org\/custom\/uploads\/2023\/11\/fotoleceenergia.jpg","contentUrl":"https:\/\/www.leceonline.org\/custom\/uploads\/2023\/11\/fotoleceenergia.jpg","width":1695,"height":1022},{"@type":"BreadcrumbList","@id":"https:\/\/www.leceonline.org\/en\/hacia-un-mercado-unico-de-la-energia-en-la-ue\/#breadcrumb","itemListElement":[{"@type":"ListItem","position":1,"name":"Portada","item":"https:\/\/www.leceonline.org\/en\/"},{"@type":"ListItem","position":2,"name":"Hacia un Mercado \u00danico de la Energ\u00eda en la UE"}]},{"@type":"WebSite","@id":"https:\/\/www.leceonline.org\/#website","url":"https:\/\/www.leceonline.org\/","name":"Lece Online","description":"Comit\u00e9 Espa\u00f1ol de la Liga Europea de Cooperaci\u00f3n Econ\u00f3mica (LECE)","potentialAction":[{"@type":"SearchAction","target":{"@type":"EntryPoint","urlTemplate":"https:\/\/www.leceonline.org\/?s={search_term_string}"},"query-input":{"@type":"PropertyValueSpecification","valueRequired":true,"valueName":"search_term_string"}}],"inLanguage":"en-US"},{"@type":"Person","@id":"https:\/\/www.leceonline.org\/#\/schema\/person\/97715c9d9f0168f7d8a020b912b04e9b","name":"leceonline","image":{"@type":"ImageObject","inLanguage":"en-US","@id":"https:\/\/www.leceonline.org\/#\/schema\/person\/image\/","url":"https:\/\/secure.gravatar.com\/avatar\/af029eeaee171717243ada7857dec35925251d9d883cadc1e4fb3c8d1283bd19?s=96&d=mm&r=g","contentUrl":"https:\/\/secure.gravatar.com\/avatar\/af029eeaee171717243ada7857dec35925251d9d883cadc1e4fb3c8d1283bd19?s=96&d=mm&r=g","caption":"leceonline"}}]}},"_links":{"self":[{"href":"https:\/\/www.leceonline.org\/en\/wp-json\/wp\/v2\/posts\/5426","targetHints":{"allow":["GET"]}}],"collection":[{"href":"https:\/\/www.leceonline.org\/en\/wp-json\/wp\/v2\/posts"}],"about":[{"href":"https:\/\/www.leceonline.org\/en\/wp-json\/wp\/v2\/types\/post"}],"author":[{"embeddable":true,"href":"https:\/\/www.leceonline.org\/en\/wp-json\/wp\/v2\/users\/1"}],"replies":[{"embeddable":true,"href":"https:\/\/www.leceonline.org\/en\/wp-json\/wp\/v2\/comments?post=5426"}],"version-history":[{"count":0,"href":"https:\/\/www.leceonline.org\/en\/wp-json\/wp\/v2\/posts\/5426\/revisions"}],"wp:featuredmedia":[{"embeddable":true,"href":"https:\/\/www.leceonline.org\/en\/wp-json\/wp\/v2\/media\/5423"}],"wp:attachment":[{"href":"https:\/\/www.leceonline.org\/en\/wp-json\/wp\/v2\/media?parent=5426"}],"wp:term":[{"taxonomy":"category","embeddable":true,"href":"https:\/\/www.leceonline.org\/en\/wp-json\/wp\/v2\/categories?post=5426"},{"taxonomy":"post_tag","embeddable":true,"href":"https:\/\/www.leceonline.org\/en\/wp-json\/wp\/v2\/tags?post=5426"}],"curies":[{"name":"wp","href":"https:\/\/api.w.org\/{rel}","templated":true}]}}