{"id":5872,"date":"2025-03-12T07:38:39","date_gmt":"2025-03-12T07:38:39","guid":{"rendered":"https:\/\/www.leceonline.org\/declaracion-de-la-lece-europa-ante-una-nueva-oportunidad\/"},"modified":"2025-03-12T07:47:31","modified_gmt":"2025-03-12T07:47:31","slug":"declaracion-de-la-lece-europa-ante-una-nueva-oportunidad","status":"publish","type":"post","link":"https:\/\/www.leceonline.org\/en\/declaracion-de-la-lece-europa-ante-una-nueva-oportunidad\/","title":{"rendered":"ELEC Statement: Europe at a New Opportunity"},"content":{"rendered":"<p data-start=\"0\" data-end=\"369\"><a href=\"http:\/\/www.leceonline.org\/custom\/uploads\/2025\/03\/Declaracion-de-la-LECE_Europa-ante-una-nueva-oportunidad_ESP-pdf-1.pdf\">We attach in this link<\/a> the Statement of the Spanish Committee of LECE, in which, in light of the new geopolitical circumstances, we believe that <strong>Europe must take a new step in its integration process<\/strong>. The need for a <strong>stronger Union of European States<\/strong> and its <strong>strategic autonomy must be accelerated<\/strong>, which entails the <strong>deployment of a European security and defense policy<\/strong>.<\/p>\n<p data-start=\"371\" data-end=\"834\">We must strengthen defense cooperation, develop our European energy production capacity, reinforce our strategic autonomy, ensure that no citizen is left behind in the digital and economic transformation, advance in the ecological transition, and promote a unified and solidarity-based European migration policy. All of this requires a fundamental change in the governance of the Union. United, Europeans are stronger in facing the challenges of the 21st century.<\/p>\n<p data-start=\"836\" data-end=\"1133\">Today, more than ever, at LECE, we reaffirm our commitment to the European Union\u2019s political project\u2014not just as a political or economic agreement, but as a true project of peace, stability, and shared prosperity\u2014and we call for accelerating its progress at the political and institutional levels.<\/p>\n<p data-start=\"1135\" data-end=\"1249\">We declare our <strong>opposition to the tariff increases announced by President Trump and call for a unified EU response.<\/strong><\/p>\n<p data-start=\"1251\" data-end=\"1414\" data-is-last-node=\"\" data-is-only-node=\"\">Finally, we <strong>urge civil society to foster dialogue<\/strong> among democratic political forces to build a national agreement on Europe and the war between Russia and Ukraine.<\/p>\n","protected":false},"excerpt":{"rendered":"<p>From the Spanish Committee, we urge the EU to take action to strengthen unity, security, strategic autonomy and civil support<\/p>\n","protected":false},"author":1,"featured_media":5882,"comment_status":"open","ping_status":"open","sticky":false,"template":"","format":"standard","meta":{"_acf_changed":false,"footnotes":""},"categories":[3],"tags":[],"class_list":["post-5872","post","type-post","status-publish","format-standard","has-post-thumbnail","hentry","category-news-en"],"acf":[],"yoast_head":"<!-- This site is optimized with the Yoast SEO plugin v25.9 - https:\/\/yoast.com\/wordpress\/plugins\/seo\/ -->\n<title>ELEC Statement: Europe at a New Opportunity - Lece Online<\/title>\n<meta name=\"description\" content=\"From the Spanish Committee, we urge the EU to take action to strengthen unity, security, strategic autonomy and civil support\" \/>\n<meta name=\"robots\" content=\"index, follow, max-snippet:-1, max-image-preview:large, max-video-preview:-1\" \/>\n<link rel=\"canonical\" href=\"https:\/\/www.leceonline.org\/en\/declaracion-de-la-lece-europa-ante-una-nueva-oportunidad\/\" \/>\n<meta property=\"og:locale\" content=\"en_US\" \/>\n<meta property=\"og:type\" content=\"article\" \/>\n<meta property=\"og:title\" content=\"ELEC Statement: Europe at a New Opportunity - Lece Online\" \/>\n<meta property=\"og:description\" content=\"From the Spanish Committee, we urge the EU to take action to strengthen unity, security, strategic autonomy and civil support\" \/>\n<meta property=\"og:url\" content=\"https:\/\/www.leceonline.org\/en\/declaracion-de-la-lece-europa-ante-una-nueva-oportunidad\/\" \/>\n<meta property=\"og:site_name\" content=\"Lece Online\" \/>\n<meta property=\"article:published_time\" content=\"2025-03-12T07:38:39+00:00\" \/>\n<meta property=\"article:modified_time\" content=\"2025-03-12T07:47:31+00:00\" \/>\n<meta property=\"og:image\" content=\"http:\/\/www.leceonline.org\/custom\/uploads\/2025\/03\/DALL\u00b7E-2025-03-12-09.07.00-A-refined-and-minimalist-representation-of-the-European-Union-and-opportunity.-The-image-features-the-EU-flag-subtly-incorporated-in-the-background-wi.webp\" \/>\n\t<meta property=\"og:image:width\" content=\"1024\" \/>\n\t<meta property=\"og:image:height\" content=\"1024\" \/>\n\t<meta property=\"og:image:type\" content=\"image\/webp\" \/>\n<meta name=\"author\" content=\"leceonline\" \/>\n<meta name=\"twitter:card\" content=\"summary_large_image\" \/>\n<meta name=\"twitter:label1\" content=\"Written by\" \/>\n\t<meta name=\"twitter:data1\" content=\"leceonline\" \/>\n\t<meta name=\"twitter:label2\" content=\"Est. reading time\" \/>\n\t<meta name=\"twitter:data2\" content=\"2 minutes\" \/>\n<script type=\"application\/ld+json\" class=\"yoast-schema-graph\">{\"@context\":\"https:\/\/schema.org\",\"@graph\":[{\"@type\":\"WebPage\",\"@id\":\"https:\/\/www.leceonline.org\/en\/declaracion-de-la-lece-europa-ante-una-nueva-oportunidad\/\",\"url\":\"https:\/\/www.leceonline.org\/en\/declaracion-de-la-lece-europa-ante-una-nueva-oportunidad\/\",\"name\":\"ELEC Statement: Europe at a New Opportunity - Lece Online\",\"isPartOf\":{\"@id\":\"https:\/\/www.leceonline.org\/#website\"},\"primaryImageOfPage\":{\"@id\":\"https:\/\/www.leceonline.org\/en\/declaracion-de-la-lece-europa-ante-una-nueva-oportunidad\/#primaryimage\"},\"image\":{\"@id\":\"https:\/\/www.leceonline.org\/en\/declaracion-de-la-lece-europa-ante-una-nueva-oportunidad\/#primaryimage\"},\"thumbnailUrl\":\"https:\/\/www.leceonline.org\/custom\/uploads\/2025\/03\/DALL\u00b7E-2025-03-12-09.07.00-A-refined-and-minimalist-representation-of-the-European-Union-and-opportunity.-The-image-features-the-EU-flag-subtly-incorporated-in-the-background-wi.webp\",\"datePublished\":\"2025-03-12T07:38:39+00:00\",\"dateModified\":\"2025-03-12T07:47:31+00:00\",\"author\":{\"@id\":\"https:\/\/www.leceonline.org\/#\/schema\/person\/97715c9d9f0168f7d8a020b912b04e9b\"},\"description\":\"From the Spanish Committee, we urge the EU to take action to strengthen unity, security, strategic autonomy and civil support\",\"breadcrumb\":{\"@id\":\"https:\/\/www.leceonline.org\/en\/declaracion-de-la-lece-europa-ante-una-nueva-oportunidad\/#breadcrumb\"},\"inLanguage\":\"en-US\",\"potentialAction\":[{\"@type\":\"ReadAction\",\"target\":[\"https:\/\/www.leceonline.org\/en\/declaracion-de-la-lece-europa-ante-una-nueva-oportunidad\/\"]}]},{\"@type\":\"ImageObject\",\"inLanguage\":\"en-US\",\"@id\":\"https:\/\/www.leceonline.org\/en\/declaracion-de-la-lece-europa-ante-una-nueva-oportunidad\/#primaryimage\",\"url\":\"https:\/\/www.leceonline.org\/custom\/uploads\/2025\/03\/DALL\u00b7E-2025-03-12-09.07.00-A-refined-and-minimalist-representation-of-the-European-Union-and-opportunity.-The-image-features-the-EU-flag-subtly-incorporated-in-the-background-wi.webp\",\"contentUrl\":\"https:\/\/www.leceonline.org\/custom\/uploads\/2025\/03\/DALL\u00b7E-2025-03-12-09.07.00-A-refined-and-minimalist-representation-of-the-European-Union-and-opportunity.-The-image-features-the-EU-flag-subtly-incorporated-in-the-background-wi.webp\",\"width\":1024,\"height\":1024},{\"@type\":\"BreadcrumbList\",\"@id\":\"https:\/\/www.leceonline.org\/en\/declaracion-de-la-lece-europa-ante-una-nueva-oportunidad\/#breadcrumb\",\"itemListElement\":[{\"@type\":\"ListItem\",\"position\":1,\"name\":\"Portada\",\"item\":\"https:\/\/www.leceonline.org\/en\/\"},{\"@type\":\"ListItem\",\"position\":2,\"name\":\"ELEC Statement: Europe at a New Opportunity\"}]},{\"@type\":\"WebSite\",\"@id\":\"https:\/\/www.leceonline.org\/#website\",\"url\":\"https:\/\/www.leceonline.org\/\",\"name\":\"Lece Online\",\"description\":\"Comit\u00e9 Espa\u00f1ol de la Liga Europea de Cooperaci\u00f3n Econ\u00f3mica (LECE)\",\"potentialAction\":[{\"@type\":\"SearchAction\",\"target\":{\"@type\":\"EntryPoint\",\"urlTemplate\":\"https:\/\/www.leceonline.org\/?s={search_term_string}\"},\"query-input\":{\"@type\":\"PropertyValueSpecification\",\"valueRequired\":true,\"valueName\":\"search_term_string\"}}],\"inLanguage\":\"en-US\"},{\"@type\":\"Person\",\"@id\":\"https:\/\/www.leceonline.org\/#\/schema\/person\/97715c9d9f0168f7d8a020b912b04e9b\",\"name\":\"leceonline\",\"image\":{\"@type\":\"ImageObject\",\"inLanguage\":\"en-US\",\"@id\":\"https:\/\/www.leceonline.org\/#\/schema\/person\/image\/\",\"url\":\"https:\/\/secure.gravatar.com\/avatar\/af029eeaee171717243ada7857dec35925251d9d883cadc1e4fb3c8d1283bd19?s=96&d=mm&r=g\",\"contentUrl\":\"https:\/\/secure.gravatar.com\/avatar\/af029eeaee171717243ada7857dec35925251d9d883cadc1e4fb3c8d1283bd19?s=96&d=mm&r=g\",\"caption\":\"leceonline\"}}]}<\/script>\n<!-- \/ Yoast SEO plugin. -->","yoast_head_json":{"title":"ELEC Statement: Europe at a New Opportunity - Lece Online","description":"From the Spanish Committee, we urge the EU to take action to strengthen unity, security, strategic autonomy and civil support","robots":{"index":"index","follow":"follow","max-snippet":"max-snippet:-1","max-image-preview":"max-image-preview:large","max-video-preview":"max-video-preview:-1"},"canonical":"https:\/\/www.leceonline.org\/en\/declaracion-de-la-lece-europa-ante-una-nueva-oportunidad\/","og_locale":"en_US","og_type":"article","og_title":"ELEC Statement: Europe at a New Opportunity - Lece Online","og_description":"From the Spanish Committee, we urge the EU to take action to strengthen unity, security, strategic autonomy and civil support","og_url":"https:\/\/www.leceonline.org\/en\/declaracion-de-la-lece-europa-ante-una-nueva-oportunidad\/","og_site_name":"Lece Online","article_published_time":"2025-03-12T07:38:39+00:00","article_modified_time":"2025-03-12T07:47:31+00:00","og_image":[{"width":1024,"height":1024,"url":"http:\/\/www.leceonline.org\/custom\/uploads\/2025\/03\/DALL\u00b7E-2025-03-12-09.07.00-A-refined-and-minimalist-representation-of-the-European-Union-and-opportunity.-The-image-features-the-EU-flag-subtly-incorporated-in-the-background-wi.webp","type":"image\/webp"}],"author":"leceonline","twitter_card":"summary_large_image","twitter_misc":{"Written by":"leceonline","Est. reading time":"2 minutes"},"schema":{"@context":"https:\/\/schema.org","@graph":[{"@type":"WebPage","@id":"https:\/\/www.leceonline.org\/en\/declaracion-de-la-lece-europa-ante-una-nueva-oportunidad\/","url":"https:\/\/www.leceonline.org\/en\/declaracion-de-la-lece-europa-ante-una-nueva-oportunidad\/","name":"ELEC Statement: Europe at a New Opportunity - Lece Online","isPartOf":{"@id":"https:\/\/www.leceonline.org\/#website"},"primaryImageOfPage":{"@id":"https:\/\/www.leceonline.org\/en\/declaracion-de-la-lece-europa-ante-una-nueva-oportunidad\/#primaryimage"},"image":{"@id":"https:\/\/www.leceonline.org\/en\/declaracion-de-la-lece-europa-ante-una-nueva-oportunidad\/#primaryimage"},"thumbnailUrl":"https:\/\/www.leceonline.org\/custom\/uploads\/2025\/03\/DALL\u00b7E-2025-03-12-09.07.00-A-refined-and-minimalist-representation-of-the-European-Union-and-opportunity.-The-image-features-the-EU-flag-subtly-incorporated-in-the-background-wi.webp","datePublished":"2025-03-12T07:38:39+00:00","dateModified":"2025-03-12T07:47:31+00:00","author":{"@id":"https:\/\/www.leceonline.org\/#\/schema\/person\/97715c9d9f0168f7d8a020b912b04e9b"},"description":"From the Spanish Committee, we urge the EU to take action to strengthen unity, security, strategic autonomy and civil support","breadcrumb":{"@id":"https:\/\/www.leceonline.org\/en\/declaracion-de-la-lece-europa-ante-una-nueva-oportunidad\/#breadcrumb"},"inLanguage":"en-US","potentialAction":[{"@type":"ReadAction","target":["https:\/\/www.leceonline.org\/en\/declaracion-de-la-lece-europa-ante-una-nueva-oportunidad\/"]}]},{"@type":"ImageObject","inLanguage":"en-US","@id":"https:\/\/www.leceonline.org\/en\/declaracion-de-la-lece-europa-ante-una-nueva-oportunidad\/#primaryimage","url":"https:\/\/www.leceonline.org\/custom\/uploads\/2025\/03\/DALL\u00b7E-2025-03-12-09.07.00-A-refined-and-minimalist-representation-of-the-European-Union-and-opportunity.-The-image-features-the-EU-flag-subtly-incorporated-in-the-background-wi.webp","contentUrl":"https:\/\/www.leceonline.org\/custom\/uploads\/2025\/03\/DALL\u00b7E-2025-03-12-09.07.00-A-refined-and-minimalist-representation-of-the-European-Union-and-opportunity.-The-image-features-the-EU-flag-subtly-incorporated-in-the-background-wi.webp","width":1024,"height":1024},{"@type":"BreadcrumbList","@id":"https:\/\/www.leceonline.org\/en\/declaracion-de-la-lece-europa-ante-una-nueva-oportunidad\/#breadcrumb","itemListElement":[{"@type":"ListItem","position":1,"name":"Portada","item":"https:\/\/www.leceonline.org\/en\/"},{"@type":"ListItem","position":2,"name":"ELEC Statement: Europe at a New Opportunity"}]},{"@type":"WebSite","@id":"https:\/\/www.leceonline.org\/#website","url":"https:\/\/www.leceonline.org\/","name":"Lece Online","description":"Comit\u00e9 Espa\u00f1ol de la Liga Europea de Cooperaci\u00f3n Econ\u00f3mica (LECE)","potentialAction":[{"@type":"SearchAction","target":{"@type":"EntryPoint","urlTemplate":"https:\/\/www.leceonline.org\/?s={search_term_string}"},"query-input":{"@type":"PropertyValueSpecification","valueRequired":true,"valueName":"search_term_string"}}],"inLanguage":"en-US"},{"@type":"Person","@id":"https:\/\/www.leceonline.org\/#\/schema\/person\/97715c9d9f0168f7d8a020b912b04e9b","name":"leceonline","image":{"@type":"ImageObject","inLanguage":"en-US","@id":"https:\/\/www.leceonline.org\/#\/schema\/person\/image\/","url":"https:\/\/secure.gravatar.com\/avatar\/af029eeaee171717243ada7857dec35925251d9d883cadc1e4fb3c8d1283bd19?s=96&d=mm&r=g","contentUrl":"https:\/\/secure.gravatar.com\/avatar\/af029eeaee171717243ada7857dec35925251d9d883cadc1e4fb3c8d1283bd19?s=96&d=mm&r=g","caption":"leceonline"}}]}},"_links":{"self":[{"href":"https:\/\/www.leceonline.org\/en\/wp-json\/wp\/v2\/posts\/5872","targetHints":{"allow":["GET"]}}],"collection":[{"href":"https:\/\/www.leceonline.org\/en\/wp-json\/wp\/v2\/posts"}],"about":[{"href":"https:\/\/www.leceonline.org\/en\/wp-json\/wp\/v2\/types\/post"}],"author":[{"embeddable":true,"href":"https:\/\/www.leceonline.org\/en\/wp-json\/wp\/v2\/users\/1"}],"replies":[{"embeddable":true,"href":"https:\/\/www.leceonline.org\/en\/wp-json\/wp\/v2\/comments?post=5872"}],"version-history":[{"count":0,"href":"https:\/\/www.leceonline.org\/en\/wp-json\/wp\/v2\/posts\/5872\/revisions"}],"wp:featuredmedia":[{"embeddable":true,"href":"https:\/\/www.leceonline.org\/en\/wp-json\/wp\/v2\/media\/5882"}],"wp:attachment":[{"href":"https:\/\/www.leceonline.org\/en\/wp-json\/wp\/v2\/media?parent=5872"}],"wp:term":[{"taxonomy":"category","embeddable":true,"href":"https:\/\/www.leceonline.org\/en\/wp-json\/wp\/v2\/categories?post=5872"},{"taxonomy":"post_tag","embeddable":true,"href":"https:\/\/www.leceonline.org\/en\/wp-json\/wp\/v2\/tags?post=5872"}],"curies":[{"name":"wp","href":"https:\/\/api.w.org\/{rel}","templated":true}]}}