{"id":6176,"date":"2026-04-26T12:29:50","date_gmt":"2026-04-26T12:29:50","guid":{"rendered":"https:\/\/www.leceonline.org\/desayuno-coloquio-lece-presidencia-chipriota-del-consejo-de-la-union-europea\/"},"modified":"2026-04-26T12:29:50","modified_gmt":"2026-04-26T12:29:50","slug":"desayuno-coloquio-lece-presidencia-chipriota-del-consejo-de-la-union-europea","status":"publish","type":"post","link":"https:\/\/www.leceonline.org\/en\/desayuno-coloquio-lece-presidencia-chipriota-del-consejo-de-la-union-europea\/","title":{"rendered":"La autonom\u00eda estrat\u00e9gica, eje central de la Presidencia chipriota del Consejo de la Uni\u00f3n Europea"},"content":{"rendered":"<p>Chipre apuesta por reforzar la autonom\u00eda estrat\u00e9gica de la Uni\u00f3n Europea. El embajador de Chipre en Espa\u00f1a, Michalis Ioannou, present\u00f3 en el Desayuno-Coloquio del Comit\u00e9 Espa\u00f1ol de la LECE las prioridades de la Presidencia chipriota del Consejo de la Uni\u00f3n Europea durante el primer semestre de 2026. El acto se celebr\u00f3 en la Universidad Nebrija, en Madrid, el pasado 15 de abril.<\/p>\n<p>Bajo el lema de una \u201cUni\u00f3n aut\u00f3noma\u201d, la Presidencia chipriota ha articulado su agenda en torno a cinco grandes pilares que buscan reforzar la resiliencia, la competitividad y la cohesi\u00f3n del proyecto europeo.<\/p>\n<p>En el \u00e1mbito de la seguridad, la defensa y la preparaci\u00f3n, Chipre apuesta por reforzar la autonom\u00eda estrat\u00e9gica de la Uni\u00f3n Europea mediante el apoyo firme a Ucrania y el impulso de iniciativas clave como el Libro Blanco sobre el futuro de la defensa europea, la estrategia de preparaci\u00f3n 2030 o el refuerzo de la seguridad mar\u00edtima y la resiliencia democr\u00e1tica.<\/p>\n<blockquote><p>Cinco prioridades de la Presidencia chipriota<\/p><\/blockquote>\n<p>En segundo lugar, la competitividad se sit\u00faa como un elemento central para garantizar dicha autonom\u00eda. En este sentido, se prioriza la simplificaci\u00f3n normativa, el fortalecimiento del mercado \u00fanico y el impulso de la Uni\u00f3n de Ahorros e Inversiones, junto con el refuerzo de la soberan\u00eda digital, la transici\u00f3n ecol\u00f3gica y la seguridad energ\u00e9tica.<\/p>\n<p><img loading=\"lazy\" decoding=\"async\" class=\"alignnone  wp-image-6170\" src=\"http:\/\/www.leceonline.org\/custom\/uploads\/2026\/04\/Conferencia-del-Embajador-de-Chipre-en-Espana_13-300x169.jpg\" alt=\"\" width=\"495\" height=\"279\" srcset=\"https:\/\/www.leceonline.org\/custom\/uploads\/2026\/04\/Conferencia-del-Embajador-de-Chipre-en-Espana_13-300x169.jpg 300w, https:\/\/www.leceonline.org\/custom\/uploads\/2026\/04\/Conferencia-del-Embajador-de-Chipre-en-Espana_13-768x432.jpg 768w, https:\/\/www.leceonline.org\/custom\/uploads\/2026\/04\/Conferencia-del-Embajador-de-Chipre-en-Espana_13.jpg 1000w\" sizes=\"auto, (max-width: 495px) 100vw, 495px\" \/><\/p>\n<p>El tercer pilar se centra en la dimensi\u00f3n exterior de la Uni\u00f3n Europea. La Presidencia chipriota promueve una Uni\u00f3n abierta al mundo pero estrat\u00e9gicamente aut\u00f3noma, con especial atenci\u00f3n a la ampliaci\u00f3n, al refuerzo de las relaciones con la Vecindad Sur y a una pol\u00edtica comercial s\u00f3lida que consolide el papel de la UE en la gesti\u00f3n de crisis globales.<\/p>\n<p>Adem\u00e1s, se pone el foco en los valores y la cohesi\u00f3n social, con medidas orientadas a reforzar el Estado de Derecho, mejorar el acceso a la vivienda, luchar contra la pobreza y avanzar en iniciativas como la Garant\u00eda Infantil Europea o la Uni\u00f3n Europea de la Salud .<\/p>\n<p>Por \u00faltimo, la Presidencia chipriota plantea la necesidad de un presupuesto europeo a largo plazo que permita afrontar los retos futuros, impulsando las negociaciones del Marco Financiero Plurianual 2028-2034 para reducir dependencias cr\u00edticas, responder a crisis y preparar a la Uni\u00f3n para futuras ampliaciones.<\/p>\n<p>El Embajador estuvo acompa\u00f1ado en la mesa de presentaci\u00f3n por el presidente del Comit\u00e9 Espa\u00f1ol de la LECE, Francesc Homs i Ferret, y por el rector en funciones de la Universidad Nebrija, Jos\u00e9 Mar\u00eda Ortiz Ibarz.<\/p>\n<p>La sesi\u00f3n reafirm\u00f3 el compromiso de la Liga Europea de Cooperaci\u00f3n Econ\u00f3mica con el debate europeo y con la generaci\u00f3n de espacios de reflexi\u00f3n sobre el futuro de la Uni\u00f3n.<\/p>\n","protected":false},"excerpt":{"rendered":"<p>El Desayuno-Coloquio de LECE en Nebrija abord\u00f3 las prioridades de la Presidencia chipriota de la UE, con foco en estrategia, seguridad y competitividad.<\/p>\n","protected":false},"author":1,"featured_media":6169,"comment_status":"open","ping_status":"open","sticky":false,"template":"","format":"standard","meta":{"_acf_changed":false,"footnotes":""},"categories":[39,3],"tags":[],"class_list":["post-6176","post","type-post","status-publish","format-standard","has-post-thumbnail","hentry","category-colloquium-luncheons-en","category-news-en"],"acf":[],"yoast_head":"<!-- This site is optimized with the Yoast SEO plugin v25.9 - https:\/\/yoast.com\/wordpress\/plugins\/seo\/ -->\n<title>La autonom\u00eda estrat\u00e9gica, eje central de la Presidencia chipriota del Consejo de la Uni\u00f3n Europea - Lece Online<\/title>\n<meta name=\"robots\" content=\"index, follow, max-snippet:-1, max-image-preview:large, max-video-preview:-1\" \/>\n<link rel=\"canonical\" href=\"https:\/\/www.leceonline.org\/en\/desayuno-coloquio-lece-presidencia-chipriota-del-consejo-de-la-union-europea\/\" \/>\n<meta property=\"og:locale\" content=\"en_US\" \/>\n<meta property=\"og:type\" content=\"article\" \/>\n<meta property=\"og:title\" content=\"La autonom\u00eda estrat\u00e9gica, eje central de la Presidencia chipriota del Consejo de la Uni\u00f3n Europea - Lece Online\" \/>\n<meta property=\"og:description\" content=\"El Desayuno-Coloquio de LECE en Nebrija abord\u00f3 las prioridades de la Presidencia chipriota de la UE, con foco en estrategia, seguridad y competitividad.\" \/>\n<meta property=\"og:url\" content=\"https:\/\/www.leceonline.org\/en\/desayuno-coloquio-lece-presidencia-chipriota-del-consejo-de-la-union-europea\/\" \/>\n<meta property=\"og:site_name\" content=\"Lece Online\" \/>\n<meta property=\"article:published_time\" content=\"2026-04-26T12:29:50+00:00\" \/>\n<meta property=\"og:image\" content=\"https:\/\/www.leceonline.org\/custom\/uploads\/2026\/04\/Conferencia-del-Embajador-de-Chipre-en-Espana_13.jpg\" \/>\n\t<meta property=\"og:image:width\" content=\"1000\" \/>\n\t<meta property=\"og:image:height\" content=\"562\" \/>\n\t<meta property=\"og:image:type\" content=\"image\/jpeg\" \/>\n<meta name=\"author\" content=\"leceonline\" \/>\n<meta name=\"twitter:card\" content=\"summary_large_image\" \/>\n<meta name=\"twitter:label1\" content=\"Written by\" \/>\n\t<meta name=\"twitter:data1\" content=\"leceonline\" \/>\n\t<meta name=\"twitter:label2\" content=\"Est. reading time\" \/>\n\t<meta name=\"twitter:data2\" content=\"2 minutes\" \/>\n<script type=\"application\/ld+json\" class=\"yoast-schema-graph\">{\"@context\":\"https:\/\/schema.org\",\"@graph\":[{\"@type\":\"WebPage\",\"@id\":\"https:\/\/www.leceonline.org\/en\/desayuno-coloquio-lece-presidencia-chipriota-del-consejo-de-la-union-europea\/\",\"url\":\"https:\/\/www.leceonline.org\/en\/desayuno-coloquio-lece-presidencia-chipriota-del-consejo-de-la-union-europea\/\",\"name\":\"La autonom\u00eda estrat\u00e9gica, eje central de la Presidencia chipriota del Consejo de la Uni\u00f3n Europea - Lece Online\",\"isPartOf\":{\"@id\":\"https:\/\/www.leceonline.org\/#website\"},\"primaryImageOfPage\":{\"@id\":\"https:\/\/www.leceonline.org\/en\/desayuno-coloquio-lece-presidencia-chipriota-del-consejo-de-la-union-europea\/#primaryimage\"},\"image\":{\"@id\":\"https:\/\/www.leceonline.org\/en\/desayuno-coloquio-lece-presidencia-chipriota-del-consejo-de-la-union-europea\/#primaryimage\"},\"thumbnailUrl\":\"https:\/\/www.leceonline.org\/custom\/uploads\/2026\/04\/Conferencia-del-Embajador-de-Chipre-en-Espana_7.jpg\",\"datePublished\":\"2026-04-26T12:29:50+00:00\",\"author\":{\"@id\":\"https:\/\/www.leceonline.org\/#\/schema\/person\/97715c9d9f0168f7d8a020b912b04e9b\"},\"breadcrumb\":{\"@id\":\"https:\/\/www.leceonline.org\/en\/desayuno-coloquio-lece-presidencia-chipriota-del-consejo-de-la-union-europea\/#breadcrumb\"},\"inLanguage\":\"en-US\",\"potentialAction\":[{\"@type\":\"ReadAction\",\"target\":[\"https:\/\/www.leceonline.org\/en\/desayuno-coloquio-lece-presidencia-chipriota-del-consejo-de-la-union-europea\/\"]}]},{\"@type\":\"ImageObject\",\"inLanguage\":\"en-US\",\"@id\":\"https:\/\/www.leceonline.org\/en\/desayuno-coloquio-lece-presidencia-chipriota-del-consejo-de-la-union-europea\/#primaryimage\",\"url\":\"https:\/\/www.leceonline.org\/custom\/uploads\/2026\/04\/Conferencia-del-Embajador-de-Chipre-en-Espana_7.jpg\",\"contentUrl\":\"https:\/\/www.leceonline.org\/custom\/uploads\/2026\/04\/Conferencia-del-Embajador-de-Chipre-en-Espana_7.jpg\",\"width\":1000,\"height\":562},{\"@type\":\"BreadcrumbList\",\"@id\":\"https:\/\/www.leceonline.org\/en\/desayuno-coloquio-lece-presidencia-chipriota-del-consejo-de-la-union-europea\/#breadcrumb\",\"itemListElement\":[{\"@type\":\"ListItem\",\"position\":1,\"name\":\"Portada\",\"item\":\"https:\/\/www.leceonline.org\/en\/\"},{\"@type\":\"ListItem\",\"position\":2,\"name\":\"La autonom\u00eda estrat\u00e9gica, eje central de la Presidencia chipriota del Consejo de la Uni\u00f3n Europea\"}]},{\"@type\":\"WebSite\",\"@id\":\"https:\/\/www.leceonline.org\/#website\",\"url\":\"https:\/\/www.leceonline.org\/\",\"name\":\"Lece Online\",\"description\":\"Comit\u00e9 Espa\u00f1ol de la Liga Europea de Cooperaci\u00f3n Econ\u00f3mica (LECE)\",\"potentialAction\":[{\"@type\":\"SearchAction\",\"target\":{\"@type\":\"EntryPoint\",\"urlTemplate\":\"https:\/\/www.leceonline.org\/?s={search_term_string}\"},\"query-input\":{\"@type\":\"PropertyValueSpecification\",\"valueRequired\":true,\"valueName\":\"search_term_string\"}}],\"inLanguage\":\"en-US\"},{\"@type\":\"Person\",\"@id\":\"https:\/\/www.leceonline.org\/#\/schema\/person\/97715c9d9f0168f7d8a020b912b04e9b\",\"name\":\"leceonline\",\"image\":{\"@type\":\"ImageObject\",\"inLanguage\":\"en-US\",\"@id\":\"https:\/\/www.leceonline.org\/#\/schema\/person\/image\/\",\"url\":\"https:\/\/secure.gravatar.com\/avatar\/af029eeaee171717243ada7857dec35925251d9d883cadc1e4fb3c8d1283bd19?s=96&d=mm&r=g\",\"contentUrl\":\"https:\/\/secure.gravatar.com\/avatar\/af029eeaee171717243ada7857dec35925251d9d883cadc1e4fb3c8d1283bd19?s=96&d=mm&r=g\",\"caption\":\"leceonline\"}}]}<\/script>\n<!-- \/ Yoast SEO plugin. -->","yoast_head_json":{"title":"La autonom\u00eda estrat\u00e9gica, eje central de la Presidencia chipriota del Consejo de la Uni\u00f3n Europea - Lece Online","robots":{"index":"index","follow":"follow","max-snippet":"max-snippet:-1","max-image-preview":"max-image-preview:large","max-video-preview":"max-video-preview:-1"},"canonical":"https:\/\/www.leceonline.org\/en\/desayuno-coloquio-lece-presidencia-chipriota-del-consejo-de-la-union-europea\/","og_locale":"en_US","og_type":"article","og_title":"La autonom\u00eda estrat\u00e9gica, eje central de la Presidencia chipriota del Consejo de la Uni\u00f3n Europea - Lece Online","og_description":"El Desayuno-Coloquio de LECE en Nebrija abord\u00f3 las prioridades de la Presidencia chipriota de la UE, con foco en estrategia, seguridad y competitividad.","og_url":"https:\/\/www.leceonline.org\/en\/desayuno-coloquio-lece-presidencia-chipriota-del-consejo-de-la-union-europea\/","og_site_name":"Lece Online","article_published_time":"2026-04-26T12:29:50+00:00","og_image":[{"width":1000,"height":562,"url":"https:\/\/www.leceonline.org\/custom\/uploads\/2026\/04\/Conferencia-del-Embajador-de-Chipre-en-Espana_13.jpg","type":"image\/jpeg"}],"author":"leceonline","twitter_card":"summary_large_image","twitter_misc":{"Written by":"leceonline","Est. reading time":"2 minutes"},"schema":{"@context":"https:\/\/schema.org","@graph":[{"@type":"WebPage","@id":"https:\/\/www.leceonline.org\/en\/desayuno-coloquio-lece-presidencia-chipriota-del-consejo-de-la-union-europea\/","url":"https:\/\/www.leceonline.org\/en\/desayuno-coloquio-lece-presidencia-chipriota-del-consejo-de-la-union-europea\/","name":"La autonom\u00eda estrat\u00e9gica, eje central de la Presidencia chipriota del Consejo de la Uni\u00f3n Europea - Lece Online","isPartOf":{"@id":"https:\/\/www.leceonline.org\/#website"},"primaryImageOfPage":{"@id":"https:\/\/www.leceonline.org\/en\/desayuno-coloquio-lece-presidencia-chipriota-del-consejo-de-la-union-europea\/#primaryimage"},"image":{"@id":"https:\/\/www.leceonline.org\/en\/desayuno-coloquio-lece-presidencia-chipriota-del-consejo-de-la-union-europea\/#primaryimage"},"thumbnailUrl":"https:\/\/www.leceonline.org\/custom\/uploads\/2026\/04\/Conferencia-del-Embajador-de-Chipre-en-Espana_7.jpg","datePublished":"2026-04-26T12:29:50+00:00","author":{"@id":"https:\/\/www.leceonline.org\/#\/schema\/person\/97715c9d9f0168f7d8a020b912b04e9b"},"breadcrumb":{"@id":"https:\/\/www.leceonline.org\/en\/desayuno-coloquio-lece-presidencia-chipriota-del-consejo-de-la-union-europea\/#breadcrumb"},"inLanguage":"en-US","potentialAction":[{"@type":"ReadAction","target":["https:\/\/www.leceonline.org\/en\/desayuno-coloquio-lece-presidencia-chipriota-del-consejo-de-la-union-europea\/"]}]},{"@type":"ImageObject","inLanguage":"en-US","@id":"https:\/\/www.leceonline.org\/en\/desayuno-coloquio-lece-presidencia-chipriota-del-consejo-de-la-union-europea\/#primaryimage","url":"https:\/\/www.leceonline.org\/custom\/uploads\/2026\/04\/Conferencia-del-Embajador-de-Chipre-en-Espana_7.jpg","contentUrl":"https:\/\/www.leceonline.org\/custom\/uploads\/2026\/04\/Conferencia-del-Embajador-de-Chipre-en-Espana_7.jpg","width":1000,"height":562},{"@type":"BreadcrumbList","@id":"https:\/\/www.leceonline.org\/en\/desayuno-coloquio-lece-presidencia-chipriota-del-consejo-de-la-union-europea\/#breadcrumb","itemListElement":[{"@type":"ListItem","position":1,"name":"Portada","item":"https:\/\/www.leceonline.org\/en\/"},{"@type":"ListItem","position":2,"name":"La autonom\u00eda estrat\u00e9gica, eje central de la Presidencia chipriota del Consejo de la Uni\u00f3n Europea"}]},{"@type":"WebSite","@id":"https:\/\/www.leceonline.org\/#website","url":"https:\/\/www.leceonline.org\/","name":"Lece Online","description":"Comit\u00e9 Espa\u00f1ol de la Liga Europea de Cooperaci\u00f3n Econ\u00f3mica (LECE)","potentialAction":[{"@type":"SearchAction","target":{"@type":"EntryPoint","urlTemplate":"https:\/\/www.leceonline.org\/?s={search_term_string}"},"query-input":{"@type":"PropertyValueSpecification","valueRequired":true,"valueName":"search_term_string"}}],"inLanguage":"en-US"},{"@type":"Person","@id":"https:\/\/www.leceonline.org\/#\/schema\/person\/97715c9d9f0168f7d8a020b912b04e9b","name":"leceonline","image":{"@type":"ImageObject","inLanguage":"en-US","@id":"https:\/\/www.leceonline.org\/#\/schema\/person\/image\/","url":"https:\/\/secure.gravatar.com\/avatar\/af029eeaee171717243ada7857dec35925251d9d883cadc1e4fb3c8d1283bd19?s=96&d=mm&r=g","contentUrl":"https:\/\/secure.gravatar.com\/avatar\/af029eeaee171717243ada7857dec35925251d9d883cadc1e4fb3c8d1283bd19?s=96&d=mm&r=g","caption":"leceonline"}}]}},"_links":{"self":[{"href":"https:\/\/www.leceonline.org\/en\/wp-json\/wp\/v2\/posts\/6176","targetHints":{"allow":["GET"]}}],"collection":[{"href":"https:\/\/www.leceonline.org\/en\/wp-json\/wp\/v2\/posts"}],"about":[{"href":"https:\/\/www.leceonline.org\/en\/wp-json\/wp\/v2\/types\/post"}],"author":[{"embeddable":true,"href":"https:\/\/www.leceonline.org\/en\/wp-json\/wp\/v2\/users\/1"}],"replies":[{"embeddable":true,"href":"https:\/\/www.leceonline.org\/en\/wp-json\/wp\/v2\/comments?post=6176"}],"version-history":[{"count":0,"href":"https:\/\/www.leceonline.org\/en\/wp-json\/wp\/v2\/posts\/6176\/revisions"}],"wp:featuredmedia":[{"embeddable":true,"href":"https:\/\/www.leceonline.org\/en\/wp-json\/wp\/v2\/media\/6169"}],"wp:attachment":[{"href":"https:\/\/www.leceonline.org\/en\/wp-json\/wp\/v2\/media?parent=6176"}],"wp:term":[{"taxonomy":"category","embeddable":true,"href":"https:\/\/www.leceonline.org\/en\/wp-json\/wp\/v2\/categories?post=6176"},{"taxonomy":"post_tag","embeddable":true,"href":"https:\/\/www.leceonline.org\/en\/wp-json\/wp\/v2\/tags?post=6176"}],"curies":[{"name":"wp","href":"https:\/\/api.w.org\/{rel}","templated":true}]}}